{"id":292576,"date":"2023-03-30T15:40:51","date_gmt":"2023-03-30T12:40:51","guid":{"rendered":"http:\/\/sana.sy\/es\/?p=292576"},"modified":"2023-03-30T15:41:02","modified_gmt":"2023-03-30T12:41:02","slug":"siria-e-india-conversan-sobre-mecanismos-de-desarrollar-la-cooperacion-cientifica-y-de-investigacion","status":"publish","type":"post","link":"https:\/\/archive.sana.sy\/es\/?p=292576","title":{"rendered":"Siria e India conversan sobre mecanismos de desarrollar la cooperaci\u00f3n cient\u00edfica y de investigaci\u00f3n"},"content":{"rendered":"<p style=\"text-align: justify;\"><span style=\"color: #800000;\"><strong>Damasco, 30 mar (SANA)\u00a0<\/strong><\/span> \u00a0El ministro de Educaci\u00f3n Superior e Investigaci\u00f3n Cient\u00edfica, Bassam Ibrahim, repas\u00f3 hoy con el encargado de negocios de la Embajada de la India en Damasco, Satender Kumar Yadav, las v\u00edas de fortalecer las relaciones de cooperaci\u00f3n entre los dos pa\u00edses en el \u00e1mbito de la educaci\u00f3n superior y la investigaci\u00f3n cient\u00edfica.<\/p>\n<p style=\"text-align: justify;\">Los dos partes abordaron el mecanismo para renovar el Programa de Intercambio cient\u00edfico y Cultural, as\u00ed como las becas ofrecidas para estudiantes de pregrado y posgrado.<\/p>\n<p style=\"text-align: justify;\">El ministro Ibrahim afirm\u00f3 que las relaciones sirio-indias est\u00e1n experimentando un desarrollo notable en todos los niveles.<\/p>\n<p style=\"text-align: justify;\">Subray\u00f3 la necesidad de aumentar las becas otorgadas por India para incentivar las visitas cient\u00edficas entre universidades sirias e indias para informarse de los programas cient\u00edficos y de investigaci\u00f3n adoptados en los dos pa\u00edses.<\/p>\n<p style=\"text-align: justify;\">El encargado de negocios indio dijo que el gobierno de su pa\u00eds busca desarrollar las relaciones con Siria y destac\u00f3 la necesidad de una comunicaci\u00f3n y coordinaci\u00f3n continua para determinar el camino de los planes y visiones acordadas para servir a los estudiantes sirios e indios.<\/p>\n<p style=\"text-align: justify;\">ed\/fm<\/p>\n","protected":false},"excerpt":{"rendered":"<p>Damasco, 30 mar (SANA)\u00a0 \u00a0El ministro de Educaci\u00f3n Superior e Investigaci\u00f3n Cient\u00edfica, Bassam Ibrahim, repas\u00f3 hoy con el encargado de negocios de la Embajada de la India en Damasco, Satender Kumar Yadav, las v\u00edas de fortalecer las relaciones de cooperaci\u00f3n entre los dos pa\u00edses en el \u00e1mbito de la educaci\u00f3n superior y la investigaci\u00f3n cient\u00edfica. &hellip;<\/p>\n","protected":false},"author":32,"featured_media":292577,"comment_status":"closed","ping_status":"closed","sticky":false,"template":"","format":"standard","meta":{"footnotes":""},"categories":[597,467,7541],"tags":[],"class_list":["post-292576","post","type-post","status-publish","format-standard","has-post-thumbnail","","category-cinta-de-noticias","category-siria-y-el-mundo","category-ultimas-noticias"],"_links":{"self":[{"href":"https:\/\/archive.sana.sy\/es\/index.php?rest_route=\/wp\/v2\/posts\/292576"}],"collection":[{"href":"https:\/\/archive.sana.sy\/es\/index.php?rest_route=\/wp\/v2\/posts"}],"about":[{"href":"https:\/\/archive.sana.sy\/es\/index.php?rest_route=\/wp\/v2\/types\/post"}],"author":[{"embeddable":true,"href":"https:\/\/archive.sana.sy\/es\/index.php?rest_route=\/wp\/v2\/users\/32"}],"replies":[{"embeddable":true,"href":"https:\/\/archive.sana.sy\/es\/index.php?rest_route=%2Fwp%2Fv2%2Fcomments&post=292576"}],"version-history":[{"count":2,"href":"https:\/\/archive.sana.sy\/es\/index.php?rest_route=\/wp\/v2\/posts\/292576\/revisions"}],"predecessor-version":[{"id":292579,"href":"https:\/\/archive.sana.sy\/es\/index.php?rest_route=\/wp\/v2\/posts\/292576\/revisions\/292579"}],"wp:featuredmedia":[{"embeddable":true,"href":"https:\/\/archive.sana.sy\/es\/index.php?rest_route=\/wp\/v2\/media\/292577"}],"wp:attachment":[{"href":"https:\/\/archive.sana.sy\/es\/index.php?rest_route=%2Fwp%2Fv2%2Fmedia&parent=292576"}],"wp:term":[{"taxonomy":"category","embeddable":true,"href":"https:\/\/archive.sana.sy\/es\/index.php?rest_route=%2Fwp%2Fv2%2Fcategories&post=292576"},{"taxonomy":"post_tag","embeddable":true,"href":"https:\/\/archive.sana.sy\/es\/index.php?rest_route=%2Fwp%2Fv2%2Ftags&post=292576"}],"curies":[{"name":"wp","href":"https:\/\/api.w.org\/{rel}","templated":true}]}}