{"id":292580,"date":"2023-03-30T16:35:27","date_gmt":"2023-03-30T13:35:27","guid":{"rendered":"http:\/\/sana.sy\/es\/?p=292580"},"modified":"2023-03-30T16:35:27","modified_gmt":"2023-03-30T13:35:27","slug":"ghana-rechaza-injerencia-de-eeuu","status":"publish","type":"post","link":"https:\/\/archive.sana.sy\/es\/?p=292580","title":{"rendered":"Ghana rechaza injerencia de EEUU"},"content":{"rendered":"<blockquote>\n<p style=\"text-align: justify;\"><span style=\"color: #993300;\">&#8220;Esta injerencia no se debe tolerar. Es antidemocr\u00e1tica. \u00bfQu\u00e9 es la democracia? \u00bfQue otra persona me dicte lo que es bueno y lo que es malo? Es inaudito&#8221;, declar\u00f3 Bagbin el martes, en una reuni\u00f3n con legisladores para debatir el mencionado proyecto de ley.<\/span><\/p>\n<\/blockquote>\n<p style=\"text-align: justify;\"><strong><span style=\"color: #800000;\">Ghana, 30 mar (SANA)<\/span><\/strong>\u00a0 \u00a0 El presidente del parlamentode Ghana, Alban Bagbin, rechaz\u00f3 las recientes declaraciones de la vicepresidenta estadounidense, Kamala Harris, y asegur\u00f3 que su pa\u00eds aprobar\u00e1 su ley sobre los valores familiares sin importar la postura de Estados Unidos.<\/p>\n<p style=\"text-align: justify;\">La pol\u00edtica norteamericana hab\u00eda acentuado que los derechos de los LGBTQ son un tema que Washington considera &#8220;un asunto de derechos humanos y eso no va a cambiar&#8221;.<\/p>\n<p style=\"text-align: justify;\">Seg\u00fan difundi\u00f3 RT, Dichas declaraciones han tenido lugar en medio de los preparativos, en Ghana, para promulgar un proyecto de ley titulado &#8216;Promoci\u00f3n de los adecuados derechos sexuales humanos y valores familiares ghaneses&#8217;.<\/p>\n<p style=\"text-align: justify;\">&#8220;Estas cosas no se deben tolerar. Es antidemocr\u00e1tico. \u00bfQu\u00e9 es la democracia? \u00bfQue otra persona me dicte lo que es bueno y lo que es malo? Es inaudito&#8221;, declar\u00f3 Bagbin el martes, en una reuni\u00f3n con legisladores para debatir el mencionado proyecto de ley.<\/p>\n<p style=\"text-align: justify;\">fm\/ed<\/p>\n","protected":false},"excerpt":{"rendered":"<p>&#8220;Esta injerencia no se debe tolerar. Es antidemocr\u00e1tica. \u00bfQu\u00e9 es la democracia? \u00bfQue otra persona me dicte lo que es bueno y lo que es malo? Es inaudito&#8221;, declar\u00f3 Bagbin el martes, en una reuni\u00f3n con legisladores para debatir el mencionado proyecto de ley. Ghana, 30 mar (SANA)\u00a0 \u00a0 El presidente del parlamentode Ghana, Alban &hellip;<\/p>\n","protected":false},"author":32,"featured_media":292581,"comment_status":"closed","ping_status":"closed","sticky":false,"template":"","format":"standard","meta":{"footnotes":""},"categories":[597,456,16687,7541],"tags":[],"class_list":["post-292580","post","type-post","status-publish","format-standard","has-post-thumbnail","","category-cinta-de-noticias","category-arabe-internacional-politica","category-internacionales","category-ultimas-noticias"],"_links":{"self":[{"href":"https:\/\/archive.sana.sy\/es\/index.php?rest_route=\/wp\/v2\/posts\/292580"}],"collection":[{"href":"https:\/\/archive.sana.sy\/es\/index.php?rest_route=\/wp\/v2\/posts"}],"about":[{"href":"https:\/\/archive.sana.sy\/es\/index.php?rest_route=\/wp\/v2\/types\/post"}],"author":[{"embeddable":true,"href":"https:\/\/archive.sana.sy\/es\/index.php?rest_route=\/wp\/v2\/users\/32"}],"replies":[{"embeddable":true,"href":"https:\/\/archive.sana.sy\/es\/index.php?rest_route=%2Fwp%2Fv2%2Fcomments&post=292580"}],"version-history":[{"count":1,"href":"https:\/\/archive.sana.sy\/es\/index.php?rest_route=\/wp\/v2\/posts\/292580\/revisions"}],"predecessor-version":[{"id":292582,"href":"https:\/\/archive.sana.sy\/es\/index.php?rest_route=\/wp\/v2\/posts\/292580\/revisions\/292582"}],"wp:featuredmedia":[{"embeddable":true,"href":"https:\/\/archive.sana.sy\/es\/index.php?rest_route=\/wp\/v2\/media\/292581"}],"wp:attachment":[{"href":"https:\/\/archive.sana.sy\/es\/index.php?rest_route=%2Fwp%2Fv2%2Fmedia&parent=292580"}],"wp:term":[{"taxonomy":"category","embeddable":true,"href":"https:\/\/archive.sana.sy\/es\/index.php?rest_route=%2Fwp%2Fv2%2Fcategories&post=292580"},{"taxonomy":"post_tag","embeddable":true,"href":"https:\/\/archive.sana.sy\/es\/index.php?rest_route=%2Fwp%2Fv2%2Ftags&post=292580"}],"curies":[{"name":"wp","href":"https:\/\/api.w.org\/{rel}","templated":true}]}}