{"id":292606,"date":"2023-03-31T09:58:56","date_gmt":"2023-03-31T06:58:56","guid":{"rendered":"http:\/\/sana.sy\/es\/?p=292606"},"modified":"2023-03-31T09:58:56","modified_gmt":"2023-03-31T06:58:56","slug":"cancilleria-irani-condena-recientes-agresiones-de-israel-contra-siria","status":"publish","type":"post","link":"https:\/\/archive.sana.sy\/es\/?p=292606","title":{"rendered":"Canciller\u00eda iran\u00ed condena recientes agresiones de Israel contra Siria"},"content":{"rendered":"<blockquote>\n<p style=\"text-align: justify;\"><span style=\"color: #993300;\">\u201cDesafortunadamente, la comunidad internacional no tuvo la reacci\u00f3n esperada y disuasoria a los ataques militares agresivos y continuos de Israel contra Siria\u201d<\/span><\/p>\n<\/blockquote>\n<p style=\"text-align: justify;\"><span style=\"color: #800000;\"><strong>Teher\u00e1n, 31 mar (SANA)<\/strong><\/span> El portavoz del Ministerio de Exteriores iran\u00ed, Nasser Kanaani, conden\u00f3 en\u00e9rgicamente las agresiones israel\u00edes perpetradas en la madrugada del jueves y viernes contra algunos puntos de Damasco y su campo.<\/p>\n<p style=\"text-align: justify;\">\u201cDesafortunadamente, la comunidad internacional no tuvo la reacci\u00f3n esperada y disuasoria a los ataques militares agresivos y continuos de Israel contra Siria, incluidos contra los aeropuertos civiles y las \u00e1reas residenciales\u201d, manifest\u00f3 el vocero iran\u00ed.<\/p>\n<p style=\"text-align: justify;\">Kanaani fustig\u00f3 que tales pr\u00e1cticas agresivas constituyen una violaci\u00f3n flagrante y continua de las leyes y normas internacionales.<\/p>\n<p style=\"text-align: justify;\">Al respecto, el portavoz explic\u00f3 que estos ataques vienen a desviar la atenci\u00f3n de las profundas crisis internas en Israel, as\u00ed como su malestar respecto a las recientes aperturas en las relaciones exteriores de Siria.<\/p>\n<p style=\"text-align: justify;\">\u201cIr\u00e1n reitera su llamamiento a las instituciones internacionales responsables, a su frente el Consejo de Seguridad de las Naciones Unidas, para reaccionar r\u00e1pidamente en virtud de su responsabilidad legal para la adopci\u00f3n de medidas contra el agresor, e impedir la continuaci\u00f3n de los ataques y la violaci\u00f3n repetida y grave de la soberan\u00eda y la integridad territorial de un estado miembro de las Naciones Unidas\u201d, concluy\u00f3.<\/p>\n<p style=\"text-align: justify;\"><em><strong>ah\/fm<\/strong><\/em><\/p>\n","protected":false},"excerpt":{"rendered":"<p>\u201cDesafortunadamente, la comunidad internacional no tuvo la reacci\u00f3n esperada y disuasoria a los ataques militares agresivos y continuos de Israel contra Siria\u201d Teher\u00e1n, 31 mar (SANA) El portavoz del Ministerio de Exteriores iran\u00ed, Nasser Kanaani, conden\u00f3 en\u00e9rgicamente las agresiones israel\u00edes perpetradas en la madrugada del jueves y viernes contra algunos puntos de Damasco y su &hellip;<\/p>\n","protected":false},"author":30,"featured_media":292607,"comment_status":"closed","ping_status":"closed","sticky":false,"template":"","format":"standard","meta":{"footnotes":""},"categories":[477,597,20724,467,7541],"tags":[],"class_list":["post-292606","post","type-post","status-publish","format-standard","has-post-thumbnail","","category-noticias-edulcorantes","category-cinta-de-noticias","category-minuto-a-minuto","category-siria-y-el-mundo","category-ultimas-noticias"],"_links":{"self":[{"href":"https:\/\/archive.sana.sy\/es\/index.php?rest_route=\/wp\/v2\/posts\/292606"}],"collection":[{"href":"https:\/\/archive.sana.sy\/es\/index.php?rest_route=\/wp\/v2\/posts"}],"about":[{"href":"https:\/\/archive.sana.sy\/es\/index.php?rest_route=\/wp\/v2\/types\/post"}],"author":[{"embeddable":true,"href":"https:\/\/archive.sana.sy\/es\/index.php?rest_route=\/wp\/v2\/users\/30"}],"replies":[{"embeddable":true,"href":"https:\/\/archive.sana.sy\/es\/index.php?rest_route=%2Fwp%2Fv2%2Fcomments&post=292606"}],"version-history":[{"count":1,"href":"https:\/\/archive.sana.sy\/es\/index.php?rest_route=\/wp\/v2\/posts\/292606\/revisions"}],"predecessor-version":[{"id":292608,"href":"https:\/\/archive.sana.sy\/es\/index.php?rest_route=\/wp\/v2\/posts\/292606\/revisions\/292608"}],"wp:featuredmedia":[{"embeddable":true,"href":"https:\/\/archive.sana.sy\/es\/index.php?rest_route=\/wp\/v2\/media\/292607"}],"wp:attachment":[{"href":"https:\/\/archive.sana.sy\/es\/index.php?rest_route=%2Fwp%2Fv2%2Fmedia&parent=292606"}],"wp:term":[{"taxonomy":"category","embeddable":true,"href":"https:\/\/archive.sana.sy\/es\/index.php?rest_route=%2Fwp%2Fv2%2Fcategories&post=292606"},{"taxonomy":"post_tag","embeddable":true,"href":"https:\/\/archive.sana.sy\/es\/index.php?rest_route=%2Fwp%2Fv2%2Ftags&post=292606"}],"curies":[{"name":"wp","href":"https:\/\/api.w.org\/{rel}","templated":true}]}}