{"id":292609,"date":"2023-03-31T10:03:42","date_gmt":"2023-03-31T07:03:42","guid":{"rendered":"http:\/\/sana.sy\/es\/?p=292609"},"modified":"2023-03-31T10:03:42","modified_gmt":"2023-03-31T07:03:42","slug":"lavrov-occidente-esta-directamente-involucrado-en-la-guerra-contra-rusia","status":"publish","type":"post","link":"https:\/\/archive.sana.sy\/es\/?p=292609","title":{"rendered":"Lavrov: Occidente est\u00e1 directamente involucrado en la guerra contra Rusia"},"content":{"rendered":"<blockquote>\n<p style=\"text-align: justify;\"><span style=\"color: #993300;\">\u201cOccidente utiliz\u00f3 el r\u00e9gimen de Kiev no solo para destruir todo lo relacionado con Rusia, sino para crear amenazas directas a la seguridad de la Federaci\u00f3n Rusa en el territorio de Ucrania mediante el establecimiento de bases militares y otras infraestructuras de la OTAN\u201d<\/span><\/p>\n<\/blockquote>\n<p style=\"text-align: justify;\"><span style=\"color: #800000;\"><strong>Mosc\u00fa, 31 mar (SANA)<\/strong><\/span> El ministro de Exteriores de Rusia, Sergu\u00e9i Lavrov, manifest\u00f3 que su pa\u00eds ya no puede soportar el rumbo de Occidente de participar directamente en la guerra contra Rusia y poni\u00e9ndose del lado de la teor\u00eda nazi y su aplicaci\u00f3n.<\/p>\n<p style=\"text-align: justify;\">\u201cEsta opci\u00f3n occidental llev\u00f3 a la declaraci\u00f3n de una guerra h\u00edbrida contra la Federaci\u00f3n Rusa llevada a cabo por soldados ucranianos y por orden del r\u00e9gimen de Kiev\u201d, dijo Lavrov en una entrevista con la agencia de noticias cubana Prensa Latina.<\/p>\n<p style=\"text-align: justify;\">El canciller explic\u00f3 que Occidente utiliz\u00f3 el r\u00e9gimen de Kiev no solo para destruir todo lo relacionado con Rusia, sino para crear amenazas directas a la seguridad de la Federaci\u00f3n Rusa en el territorio de Ucrania mediante el establecimiento de bases militares y otras infraestructuras de la OTAN.<\/p>\n<p style=\"text-align: justify;\">Enfatiz\u00f3 que sin Occidente la guerra habr\u00eda terminado hace mucho tiempo y las amenazas contra toda la poblaci\u00f3n de habla rusa en Ucrania desde el comienzo del golpe en 2014 habr\u00edan sido eliminadas.<\/p>\n<p style=\"text-align: justify;\"><em><strong>ah\/fm<\/strong><\/em><\/p>\n","protected":false},"excerpt":{"rendered":"<p>\u201cOccidente utiliz\u00f3 el r\u00e9gimen de Kiev no solo para destruir todo lo relacionado con Rusia, sino para crear amenazas directas a la seguridad de la Federaci\u00f3n Rusa en el territorio de Ucrania mediante el establecimiento de bases militares y otras infraestructuras de la OTAN\u201d Mosc\u00fa, 31 mar (SANA) El ministro de Exteriores de Rusia, Sergu\u00e9i &hellip;<\/p>\n","protected":false},"author":30,"featured_media":292610,"comment_status":"closed","ping_status":"closed","sticky":false,"template":"","format":"standard","meta":{"footnotes":""},"categories":[456,16687,20724],"tags":[],"class_list":["post-292609","post","type-post","status-publish","format-standard","has-post-thumbnail","","category-arabe-internacional-politica","category-internacionales","category-minuto-a-minuto"],"_links":{"self":[{"href":"https:\/\/archive.sana.sy\/es\/index.php?rest_route=\/wp\/v2\/posts\/292609"}],"collection":[{"href":"https:\/\/archive.sana.sy\/es\/index.php?rest_route=\/wp\/v2\/posts"}],"about":[{"href":"https:\/\/archive.sana.sy\/es\/index.php?rest_route=\/wp\/v2\/types\/post"}],"author":[{"embeddable":true,"href":"https:\/\/archive.sana.sy\/es\/index.php?rest_route=\/wp\/v2\/users\/30"}],"replies":[{"embeddable":true,"href":"https:\/\/archive.sana.sy\/es\/index.php?rest_route=%2Fwp%2Fv2%2Fcomments&post=292609"}],"version-history":[{"count":1,"href":"https:\/\/archive.sana.sy\/es\/index.php?rest_route=\/wp\/v2\/posts\/292609\/revisions"}],"predecessor-version":[{"id":292611,"href":"https:\/\/archive.sana.sy\/es\/index.php?rest_route=\/wp\/v2\/posts\/292609\/revisions\/292611"}],"wp:featuredmedia":[{"embeddable":true,"href":"https:\/\/archive.sana.sy\/es\/index.php?rest_route=\/wp\/v2\/media\/292610"}],"wp:attachment":[{"href":"https:\/\/archive.sana.sy\/es\/index.php?rest_route=%2Fwp%2Fv2%2Fmedia&parent=292609"}],"wp:term":[{"taxonomy":"category","embeddable":true,"href":"https:\/\/archive.sana.sy\/es\/index.php?rest_route=%2Fwp%2Fv2%2Fcategories&post=292609"},{"taxonomy":"post_tag","embeddable":true,"href":"https:\/\/archive.sana.sy\/es\/index.php?rest_route=%2Fwp%2Fv2%2Ftags&post=292609"}],"curies":[{"name":"wp","href":"https:\/\/api.w.org\/{rel}","templated":true}]}}