{"id":292612,"date":"2023-03-31T11:22:55","date_gmt":"2023-03-31T08:22:55","guid":{"rendered":"http:\/\/sana.sy\/es\/?p=292612"},"modified":"2023-03-31T11:22:55","modified_gmt":"2023-03-31T08:22:55","slug":"cuatro-heridos-por-bombardeo-ucraniano-contra-donetsk","status":"publish","type":"post","link":"https:\/\/archive.sana.sy\/es\/?p=292612","title":{"rendered":"Cuatro heridos por bombardeo ucraniano contra Donetsk"},"content":{"rendered":"<blockquote>\n<p style=\"text-align: justify;\"><span style=\"color: #993300;\">En el mismo contexto, el alcalde de la regi\u00f3n de J\u00e1rkov, Igor Terekhov, anunci\u00f3 que las fuerzas ucranianas atacaron la ciudad con seis misiles, y se\u00f1al\u00f3 que actualmente se est\u00e1 verificando la magnitud de destrucci\u00f3n y posibles lesiones.<\/span><\/p>\n<\/blockquote>\n<p style=\"text-align: justify;\"><span style=\"color: #800000;\"><strong>Donetsk, 31 mar (SANA)<\/strong><\/span> La representaci\u00f3n de la Rep\u00fablica Popular de Donetsk en el Centro de Control y Registro de Cr\u00edmenes de Guerra en Ucrania anunci\u00f3 que cuatro personas resultaron heridas como resultado de un bombardeo ucraniano contra el territorio de la Rep\u00fablica.<\/p>\n<p style=\"text-align: justify;\">\u201cDurante las \u00faltimas 24 horas, la misi\u00f3n inform\u00f3 de 11 bombardeos artilleros ucranianos contra varias zonas residenciales, d\u00f3nde las fuerzas de Kiev bombardearon seis zonas con un total de 68 proyectiles de varios calibres, lo que result\u00f3 en la lesi\u00f3n de cuatro civiles en la ciudad de Yasinovataya\u201d, cit\u00f3 Sputnik a la misi\u00f3n en un comunicado.<\/p>\n<p style=\"text-align: justify;\">La declaraci\u00f3n agreg\u00f3 que la v\u00edspera las fuerzas ucranianas atacaron todas las regiones de la rep\u00fablica con 41 proyectiles.<\/p>\n<p style=\"text-align: justify;\">En el mismo contexto, el alcalde de la regi\u00f3n de J\u00e1rkov, Igor Terekhov, anunci\u00f3 que las fuerzas ucranianas atacaron la ciudad con seis misiles, y se\u00f1al\u00f3 que actualmente se est\u00e1 verificando la magnitud de destrucci\u00f3n y posibles lesiones.<\/p>\n<p style=\"text-align: justify;\"><em><strong>ah\/fm<\/strong><\/em><\/p>\n","protected":false},"excerpt":{"rendered":"<p>En el mismo contexto, el alcalde de la regi\u00f3n de J\u00e1rkov, Igor Terekhov, anunci\u00f3 que las fuerzas ucranianas atacaron la ciudad con seis misiles, y se\u00f1al\u00f3 que actualmente se est\u00e1 verificando la magnitud de destrucci\u00f3n y posibles lesiones. Donetsk, 31 mar (SANA) La representaci\u00f3n de la Rep\u00fablica Popular de Donetsk en el Centro de Control &hellip;<\/p>\n","protected":false},"author":30,"featured_media":292613,"comment_status":"closed","ping_status":"closed","sticky":false,"template":"","format":"standard","meta":{"footnotes":""},"categories":[456,16687,20724],"tags":[],"class_list":["post-292612","post","type-post","status-publish","format-standard","has-post-thumbnail","","category-arabe-internacional-politica","category-internacionales","category-minuto-a-minuto"],"_links":{"self":[{"href":"https:\/\/archive.sana.sy\/es\/index.php?rest_route=\/wp\/v2\/posts\/292612"}],"collection":[{"href":"https:\/\/archive.sana.sy\/es\/index.php?rest_route=\/wp\/v2\/posts"}],"about":[{"href":"https:\/\/archive.sana.sy\/es\/index.php?rest_route=\/wp\/v2\/types\/post"}],"author":[{"embeddable":true,"href":"https:\/\/archive.sana.sy\/es\/index.php?rest_route=\/wp\/v2\/users\/30"}],"replies":[{"embeddable":true,"href":"https:\/\/archive.sana.sy\/es\/index.php?rest_route=%2Fwp%2Fv2%2Fcomments&post=292612"}],"version-history":[{"count":1,"href":"https:\/\/archive.sana.sy\/es\/index.php?rest_route=\/wp\/v2\/posts\/292612\/revisions"}],"predecessor-version":[{"id":292614,"href":"https:\/\/archive.sana.sy\/es\/index.php?rest_route=\/wp\/v2\/posts\/292612\/revisions\/292614"}],"wp:featuredmedia":[{"embeddable":true,"href":"https:\/\/archive.sana.sy\/es\/index.php?rest_route=\/wp\/v2\/media\/292613"}],"wp:attachment":[{"href":"https:\/\/archive.sana.sy\/es\/index.php?rest_route=%2Fwp%2Fv2%2Fmedia&parent=292612"}],"wp:term":[{"taxonomy":"category","embeddable":true,"href":"https:\/\/archive.sana.sy\/es\/index.php?rest_route=%2Fwp%2Fv2%2Fcategories&post=292612"},{"taxonomy":"post_tag","embeddable":true,"href":"https:\/\/archive.sana.sy\/es\/index.php?rest_route=%2Fwp%2Fv2%2Ftags&post=292612"}],"curies":[{"name":"wp","href":"https:\/\/api.w.org\/{rel}","templated":true}]}}