{"id":292622,"date":"2023-03-31T13:35:34","date_gmt":"2023-03-31T10:35:34","guid":{"rendered":"http:\/\/sana.sy\/es\/?p=292622"},"modified":"2023-03-31T13:35:34","modified_gmt":"2023-03-31T10:35:34","slug":"lukashenko-hay-indicios-de-una-tercera-guerra-mundial-y-las-negociaciones-son-necesarias","status":"publish","type":"post","link":"https:\/\/archive.sana.sy\/es\/?p=292622","title":{"rendered":"Lukashenko: hay indicios de una tercera guerra mundial y las negociaciones son necesarias"},"content":{"rendered":"<blockquote>\n<p style=\"text-align: justify;\"><span style=\"color: #993300;\"><em>El mandatario bielorruso asegura que Occidente se prepara para invadir Bielorrusia y destruir el pa\u00eds.<\/em><\/span><\/p>\n<\/blockquote>\n<p style=\"text-align: justify;\"><span style=\"color: #800000;\"><strong>Minsk, 31 mar (SANA)\u00a0\u00a0<\/strong><\/span> El presidente de Bielorrusia, Alexander Lukashenko, consider\u00f3 hoy que hay indicios para una tercera guerra mundial y destac\u00f3 la necesidad de realizar negociaciones sin condiciones previas.<\/p>\n<p style=\"text-align: justify;\">En un discurso ante el pueblo y el parlamento, Lukashenko dijo: \u201chay que detenerse ahora antes de que comience la escalada, y sugiri\u00f3 detener las hostilidades e intentar declarar una tregua\u201d.<\/p>\n<p style=\"text-align: justify;\">&#8220;Hoy es un momento \u00fanico, que no suceder\u00e1 ni se repetir\u00e1, ni en la historia de Rusia, ni de Bielorrusia, ni de Ucrania, ni en la historia del mundo, especialmente en Europa. Todos est\u00e1n conscientes y saben que solo hay un camino, negociaciones sin condiciones previas\u201d, indic\u00f3 el mandatario.<\/p>\n<p style=\"text-align: justify;\">Agreg\u00f3 que no quer\u00eda retirar las armas nucleares de Bielorrusia en la d\u00e9cada de 1990, pero fue presionado por Occidente y el presidente ruso.<\/p>\n<p style=\"text-align: justify;\">fm\/sm<\/p>\n","protected":false},"excerpt":{"rendered":"<p>El mandatario bielorruso asegura que Occidente se prepara para invadir Bielorrusia y destruir el pa\u00eds. Minsk, 31 mar (SANA)\u00a0\u00a0 El presidente de Bielorrusia, Alexander Lukashenko, consider\u00f3 hoy que hay indicios para una tercera guerra mundial y destac\u00f3 la necesidad de realizar negociaciones sin condiciones previas. En un discurso ante el pueblo y el parlamento, Lukashenko &hellip;<\/p>\n","protected":false},"author":39,"featured_media":292623,"comment_status":"closed","ping_status":"closed","sticky":false,"template":"","format":"standard","meta":{"footnotes":""},"categories":[597,456,16687,20724,7541],"tags":[],"class_list":["post-292622","post","type-post","status-publish","format-standard","has-post-thumbnail","","category-cinta-de-noticias","category-arabe-internacional-politica","category-internacionales","category-minuto-a-minuto","category-ultimas-noticias"],"_links":{"self":[{"href":"https:\/\/archive.sana.sy\/es\/index.php?rest_route=\/wp\/v2\/posts\/292622"}],"collection":[{"href":"https:\/\/archive.sana.sy\/es\/index.php?rest_route=\/wp\/v2\/posts"}],"about":[{"href":"https:\/\/archive.sana.sy\/es\/index.php?rest_route=\/wp\/v2\/types\/post"}],"author":[{"embeddable":true,"href":"https:\/\/archive.sana.sy\/es\/index.php?rest_route=\/wp\/v2\/users\/39"}],"replies":[{"embeddable":true,"href":"https:\/\/archive.sana.sy\/es\/index.php?rest_route=%2Fwp%2Fv2%2Fcomments&post=292622"}],"version-history":[{"count":1,"href":"https:\/\/archive.sana.sy\/es\/index.php?rest_route=\/wp\/v2\/posts\/292622\/revisions"}],"predecessor-version":[{"id":292624,"href":"https:\/\/archive.sana.sy\/es\/index.php?rest_route=\/wp\/v2\/posts\/292622\/revisions\/292624"}],"wp:featuredmedia":[{"embeddable":true,"href":"https:\/\/archive.sana.sy\/es\/index.php?rest_route=\/wp\/v2\/media\/292623"}],"wp:attachment":[{"href":"https:\/\/archive.sana.sy\/es\/index.php?rest_route=%2Fwp%2Fv2%2Fmedia&parent=292622"}],"wp:term":[{"taxonomy":"category","embeddable":true,"href":"https:\/\/archive.sana.sy\/es\/index.php?rest_route=%2Fwp%2Fv2%2Fcategories&post=292622"},{"taxonomy":"post_tag","embeddable":true,"href":"https:\/\/archive.sana.sy\/es\/index.php?rest_route=%2Fwp%2Fv2%2Ftags&post=292622"}],"curies":[{"name":"wp","href":"https:\/\/api.w.org\/{rel}","templated":true}]}}