{"id":292629,"date":"2023-03-31T14:16:08","date_gmt":"2023-03-31T11:16:08","guid":{"rendered":"http:\/\/sana.sy\/es\/?p=292629"},"modified":"2023-03-31T14:16:08","modified_gmt":"2023-03-31T11:16:08","slug":"masivas-protestas-en-varias-ciudades-francesas","status":"publish","type":"post","link":"https:\/\/archive.sana.sy\/es\/?p=292629","title":{"rendered":"Masivas protestas en varias ciudades francesas"},"content":{"rendered":"<blockquote>\n<p style=\"text-align: justify;\"><span style=\"color: #993300;\"><em>Seg\u00fan inform\u00f3 el diario franc\u00e9s Le Monde, los manifestantes lanzaron consignas, &#8220;No olvidaremos a las v\u00edctimas de la violencia policial&#8221; y &#8220;No a la represi\u00f3n de los manifestantes&#8221;. Adem\u00e1s corearon consignas pidiendo justicia para las v\u00edctimas de la violencia y que los responsables rindan cuentas.<\/em><\/span><\/p>\n<\/blockquote>\n<p style=\"text-align: justify;\"><span style=\"color: #800000;\"><strong>Par\u00eds, 31 mar (SANA)\u00a0<\/strong> <\/span>Multitudes de manifestantes se concentraron frente a los edificios municipales de la capital francesa, Par\u00eds, y en otras ciudades del pa\u00eds europeo para condenar la violencia por parte de la polic\u00eda.<\/p>\n<p style=\"text-align: justify;\">Seg\u00fan inform\u00f3 el diario franc\u00e9s Le Monde, los manifestantes lanzaron consignas, &#8220;No olvidaremos a las v\u00edctimas de la violencia policial&#8221; y &#8220;No a la represi\u00f3n de los manifestantes&#8221;. Adem\u00e1s corearon consignas pidiendo justicia para las v\u00edctimas de la violencia y que los responsables rindan cuentas.<\/p>\n<p style=\"text-align: justify;\">Las autoridades parisienses emplazaron un fuerte despliegue de seguridad, en el que las fuerzas utilizaron gases lacrim\u00f3genos contra los manifestantes, quienes a su vez incendiaron contenedores de basura.<\/p>\n<p style=\"text-align: justify;\">La comisaria de Derechos Humanos del Consejo de Europa, Dunja Mijatovi\u0107, expres\u00f3 su preocupaci\u00f3n por el uso excesivo de la fuerza por parte de las fuerzas de seguridad y la polic\u00eda en Francia contra los protestantes.<\/p>\n<p style=\"text-align: justify;\">sm\/fm<\/p>\n","protected":false},"excerpt":{"rendered":"<p>Seg\u00fan inform\u00f3 el diario franc\u00e9s Le Monde, los manifestantes lanzaron consignas, &#8220;No olvidaremos a las v\u00edctimas de la violencia policial&#8221; y &#8220;No a la represi\u00f3n de los manifestantes&#8221;. Adem\u00e1s corearon consignas pidiendo justicia para las v\u00edctimas de la violencia y que los responsables rindan cuentas. Par\u00eds, 31 mar (SANA)\u00a0 Multitudes de manifestantes se concentraron frente &hellip;<\/p>\n","protected":false},"author":39,"featured_media":292630,"comment_status":"closed","ping_status":"closed","sticky":false,"template":"","format":"standard","meta":{"footnotes":""},"categories":[597,456,16687,20724],"tags":[],"class_list":["post-292629","post","type-post","status-publish","format-standard","has-post-thumbnail","","category-cinta-de-noticias","category-arabe-internacional-politica","category-internacionales","category-minuto-a-minuto"],"_links":{"self":[{"href":"https:\/\/archive.sana.sy\/es\/index.php?rest_route=\/wp\/v2\/posts\/292629"}],"collection":[{"href":"https:\/\/archive.sana.sy\/es\/index.php?rest_route=\/wp\/v2\/posts"}],"about":[{"href":"https:\/\/archive.sana.sy\/es\/index.php?rest_route=\/wp\/v2\/types\/post"}],"author":[{"embeddable":true,"href":"https:\/\/archive.sana.sy\/es\/index.php?rest_route=\/wp\/v2\/users\/39"}],"replies":[{"embeddable":true,"href":"https:\/\/archive.sana.sy\/es\/index.php?rest_route=%2Fwp%2Fv2%2Fcomments&post=292629"}],"version-history":[{"count":1,"href":"https:\/\/archive.sana.sy\/es\/index.php?rest_route=\/wp\/v2\/posts\/292629\/revisions"}],"predecessor-version":[{"id":292631,"href":"https:\/\/archive.sana.sy\/es\/index.php?rest_route=\/wp\/v2\/posts\/292629\/revisions\/292631"}],"wp:featuredmedia":[{"embeddable":true,"href":"https:\/\/archive.sana.sy\/es\/index.php?rest_route=\/wp\/v2\/media\/292630"}],"wp:attachment":[{"href":"https:\/\/archive.sana.sy\/es\/index.php?rest_route=%2Fwp%2Fv2%2Fmedia&parent=292629"}],"wp:term":[{"taxonomy":"category","embeddable":true,"href":"https:\/\/archive.sana.sy\/es\/index.php?rest_route=%2Fwp%2Fv2%2Fcategories&post=292629"},{"taxonomy":"post_tag","embeddable":true,"href":"https:\/\/archive.sana.sy\/es\/index.php?rest_route=%2Fwp%2Fv2%2Ftags&post=292629"}],"curies":[{"name":"wp","href":"https:\/\/api.w.org\/{rel}","templated":true}]}}