{"id":292650,"date":"2023-03-31T15:19:43","date_gmt":"2023-03-31T12:19:43","guid":{"rendered":"http:\/\/sana.sy\/es\/?p=292650"},"modified":"2023-03-31T15:42:28","modified_gmt":"2023-03-31T12:42:28","slug":"cancilleria-siria-afirma-que-la-reciente-agresion-israeli-con-misiles-contra-inmediaciones-de-damasco-coincidio-con-un-ataque-de-los-terroristas-lo-cual-comprueba-la-coordinacion-entre-israe","status":"publish","type":"post","link":"https:\/\/archive.sana.sy\/es\/?p=292650","title":{"rendered":"Canciller\u00eda siria afirma que la reciente agresi\u00f3n israel\u00ed con misiles contra inmediaciones de Damasco coincidi\u00f3 con un ataque de los terroristas, lo cual comprueba la coordinaci\u00f3n entre \u201cIsrael\u201d y los terroristas"},"content":{"rendered":"","protected":false},"excerpt":{"rendered":"","protected":false},"author":39,"featured_media":0,"comment_status":"closed","ping_status":"closed","sticky":false,"template":"","format":"standard","meta":{"footnotes":""},"categories":[20724],"tags":[],"class_list":["post-292650","post","type-post","status-publish","format-standard","","category-minuto-a-minuto"],"_links":{"self":[{"href":"https:\/\/archive.sana.sy\/es\/index.php?rest_route=\/wp\/v2\/posts\/292650"}],"collection":[{"href":"https:\/\/archive.sana.sy\/es\/index.php?rest_route=\/wp\/v2\/posts"}],"about":[{"href":"https:\/\/archive.sana.sy\/es\/index.php?rest_route=\/wp\/v2\/types\/post"}],"author":[{"embeddable":true,"href":"https:\/\/archive.sana.sy\/es\/index.php?rest_route=\/wp\/v2\/users\/39"}],"replies":[{"embeddable":true,"href":"https:\/\/archive.sana.sy\/es\/index.php?rest_route=%2Fwp%2Fv2%2Fcomments&post=292650"}],"version-history":[{"count":1,"href":"https:\/\/archive.sana.sy\/es\/index.php?rest_route=\/wp\/v2\/posts\/292650\/revisions"}],"predecessor-version":[{"id":292651,"href":"https:\/\/archive.sana.sy\/es\/index.php?rest_route=\/wp\/v2\/posts\/292650\/revisions\/292651"}],"wp:attachment":[{"href":"https:\/\/archive.sana.sy\/es\/index.php?rest_route=%2Fwp%2Fv2%2Fmedia&parent=292650"}],"wp:term":[{"taxonomy":"category","embeddable":true,"href":"https:\/\/archive.sana.sy\/es\/index.php?rest_route=%2Fwp%2Fv2%2Fcategories&post=292650"},{"taxonomy":"post_tag","embeddable":true,"href":"https:\/\/archive.sana.sy\/es\/index.php?rest_route=%2Fwp%2Fv2%2Ftags&post=292650"}],"curies":[{"name":"wp","href":"https:\/\/api.w.org\/{rel}","templated":true}]}}