{"id":292746,"date":"2023-04-01T15:27:52","date_gmt":"2023-04-01T12:27:52","guid":{"rendered":"http:\/\/sana.sy\/es\/?p=292746"},"modified":"2023-04-01T20:10:20","modified_gmt":"2023-04-01T17:10:20","slug":"cancilleres-de-siria-y-egipto-sostienen-conversaciones-en-el-cairo-fotos","status":"publish","type":"post","link":"https:\/\/archive.sana.sy\/es\/?p=292746","title":{"rendered":"Cancilleres de Siria y Egipto sostienen conversaciones en el Cairo (+fotos)"},"content":{"rendered":"<blockquote>\n<p style=\"text-align: justify;\"><span style=\"color: #993300;\">El canciller Al-Mekdad inici\u00f3 hoy una visita a la Rep\u00fablica \u00c1rabe de Egipto, considerada la primera de su tipo desde el inicio de la guerra impuesta a Siria en 2011.<\/span><\/p>\n<\/blockquote>\n<p style=\"text-align: justify;\"><span style=\"color: #800000;\"><strong>El Cairo, 1 abr (SANA)<\/strong> <\/span>Los ministros de Asuntos Exteriores de Siria, Faisal Al-Mekdad, y de Egipto, Sameh Shoukry, sostuvieron conversaciones bilaterales en la capital egipcia El Cairo.<\/p>\n<p style=\"text-align: justify;\">Las conversaciones abordaron el fortalecimiento de las relaciones fraternales y los \u00faltimos acontecimientos en la regi\u00f3n y el mundo.<\/p>\n<p style=\"text-align: justify;\">El canciller Al-Mekdad inici\u00f3 hoy una visita a la Rep\u00fablica \u00c1rabe de Egipto, considerada la primera de su tipo desde el inicio de la guerra impuesta a Siria en 2011.<\/p>\n<p style=\"text-align: justify;\">El Canciller egipcio hab\u00eda visitado Damasco el 27 de febrero pasado y transmiti\u00f3 al presidente Bashar al-Assad un mensaje de su hom\u00f3logo Abdel Fattah al-Sisi, en el que manifest\u00f3 la solidaridad de Egipto con Siria la voluntad de El Cairo de fortalecer las relaciones y desarrollar la cooperaci\u00f3n conjunta.<\/p>\n<div id='gallery-1' class='gallery galleryid-292746 gallery-columns-1 gallery-size-full'><figure class='gallery-item'>\n\t\t\t<div class='gallery-icon landscape'>\n\t\t\t\t<a href='https:\/\/archive.sana.sy\/es\/wp-content\/uploads\/2023\/04\/8.jpg'><img loading=\"lazy\" decoding=\"async\" width=\"1280\" height=\"642\" src=\"https:\/\/archive.sana.sy\/es\/wp-content\/uploads\/2023\/04\/8.jpg\" class=\"attachment-full size-full\" alt=\"\" srcset=\"https:\/\/archive.sana.sy\/es\/wp-content\/uploads\/2023\/04\/8.jpg 1280w, https:\/\/archive.sana.sy\/es\/wp-content\/uploads\/2023\/04\/8-300x150.jpg 300w, https:\/\/archive.sana.sy\/es\/wp-content\/uploads\/2023\/04\/8-1024x514.jpg 1024w, https:\/\/archive.sana.sy\/es\/wp-content\/uploads\/2023\/04\/8-150x75.jpg 150w, https:\/\/archive.sana.sy\/es\/wp-content\/uploads\/2023\/04\/8-768x385.jpg 768w, https:\/\/archive.sana.sy\/es\/wp-content\/uploads\/2023\/04\/8-660x330.jpg 660w\" sizes=\"(max-width: 1280px) 100vw, 1280px\" \/><\/a>\n\t\t\t<\/div><\/figure><figure class='gallery-item'>\n\t\t\t<div class='gallery-icon landscape'>\n\t\t\t\t<a href='https:\/\/archive.sana.sy\/es\/wp-content\/uploads\/2023\/04\/77.jpg'><img loading=\"lazy\" decoding=\"async\" width=\"1280\" height=\"656\" src=\"https:\/\/archive.sana.sy\/es\/wp-content\/uploads\/2023\/04\/77.jpg\" class=\"attachment-full size-full\" alt=\"\" srcset=\"https:\/\/archive.sana.sy\/es\/wp-content\/uploads\/2023\/04\/77.jpg 1280w, https:\/\/archive.sana.sy\/es\/wp-content\/uploads\/2023\/04\/77-300x154.jpg 300w, https:\/\/archive.sana.sy\/es\/wp-content\/uploads\/2023\/04\/77-1024x525.jpg 1024w, https:\/\/archive.sana.sy\/es\/wp-content\/uploads\/2023\/04\/77-150x77.jpg 150w, https:\/\/archive.sana.sy\/es\/wp-content\/uploads\/2023\/04\/77-768x394.jpg 768w\" sizes=\"(max-width: 1280px) 100vw, 1280px\" \/><\/a>\n\t\t\t<\/div><\/figure>\n\t\t<\/div>\n\n<p>&nbsp;<\/p>\n<p style=\"text-align: justify;\">fm\/as<\/p>\n","protected":false},"excerpt":{"rendered":"<p>El canciller Al-Mekdad inici\u00f3 hoy una visita a la Rep\u00fablica \u00c1rabe de Egipto, considerada la primera de su tipo desde el inicio de la guerra impuesta a Siria en 2011. El Cairo, 1 abr (SANA) Los ministros de Asuntos Exteriores de Siria, Faisal Al-Mekdad, y de Egipto, Sameh Shoukry, sostuvieron conversaciones bilaterales en la capital &hellip;<\/p>\n","protected":false},"author":42,"featured_media":292750,"comment_status":"closed","ping_status":"closed","sticky":false,"template":"","format":"standard","meta":{"footnotes":""},"categories":[597,20724,467],"tags":[],"class_list":["post-292746","post","type-post","status-publish","format-standard","has-post-thumbnail","","category-cinta-de-noticias","category-minuto-a-minuto","category-siria-y-el-mundo"],"_links":{"self":[{"href":"https:\/\/archive.sana.sy\/es\/index.php?rest_route=\/wp\/v2\/posts\/292746"}],"collection":[{"href":"https:\/\/archive.sana.sy\/es\/index.php?rest_route=\/wp\/v2\/posts"}],"about":[{"href":"https:\/\/archive.sana.sy\/es\/index.php?rest_route=\/wp\/v2\/types\/post"}],"author":[{"embeddable":true,"href":"https:\/\/archive.sana.sy\/es\/index.php?rest_route=\/wp\/v2\/users\/42"}],"replies":[{"embeddable":true,"href":"https:\/\/archive.sana.sy\/es\/index.php?rest_route=%2Fwp%2Fv2%2Fcomments&post=292746"}],"version-history":[{"count":4,"href":"https:\/\/archive.sana.sy\/es\/index.php?rest_route=\/wp\/v2\/posts\/292746\/revisions"}],"predecessor-version":[{"id":292789,"href":"https:\/\/archive.sana.sy\/es\/index.php?rest_route=\/wp\/v2\/posts\/292746\/revisions\/292789"}],"wp:featuredmedia":[{"embeddable":true,"href":"https:\/\/archive.sana.sy\/es\/index.php?rest_route=\/wp\/v2\/media\/292750"}],"wp:attachment":[{"href":"https:\/\/archive.sana.sy\/es\/index.php?rest_route=%2Fwp%2Fv2%2Fmedia&parent=292746"}],"wp:term":[{"taxonomy":"category","embeddable":true,"href":"https:\/\/archive.sana.sy\/es\/index.php?rest_route=%2Fwp%2Fv2%2Fcategories&post=292746"},{"taxonomy":"post_tag","embeddable":true,"href":"https:\/\/archive.sana.sy\/es\/index.php?rest_route=%2Fwp%2Fv2%2Ftags&post=292746"}],"curies":[{"name":"wp","href":"https:\/\/api.w.org\/{rel}","templated":true}]}}