{"id":292769,"date":"2023-04-01T17:44:03","date_gmt":"2023-04-01T14:44:03","guid":{"rendered":"http:\/\/sana.sy\/es\/?p=292769"},"modified":"2023-04-01T18:03:59","modified_gmt":"2023-04-01T15:03:59","slug":"hay-que-ser-intolerantes-con-los-corruptos-afirma-presidente-sirio-a-nuevos-ministros","status":"publish","type":"post","link":"https:\/\/archive.sana.sy\/es\/?p=292769","title":{"rendered":"Hay que ser intolerantes con los corruptos, afirma presidente sirio a nuevos ministros"},"content":{"rendered":"<blockquote>\n<p style=\"text-align: justify;\"><span style=\"color: #993300;\">Consider\u00f3, adem\u00e1s, que el trabajo ministerial se manifiesta en la capacidad de armonizar entre las capacidades y la realidad por un lado, y las ideas y pol\u00edticas por otro lado, y ello, seg\u00fan el presidente, requiere gestionar los recursos de manera justa y l\u00f3gica para asegurar la mejor utilizaci\u00f3n de los mismos y aprovechar las oportunidades disponibles de manera efectiva.<\/span><\/p>\n<\/blockquote>\n<p style=\"text-align: justify;\"><span style=\"color: #800000;\"><strong>Damasco, 1 abr (SANA)\u00a0<\/strong><\/span> \u00a0Los nuevos ministros de Petr\u00f3leo y Recursos Minerales, Firas Kaddour; de Comercio Interior y Protecci\u00f3n del Consumidor, Mohsen Abdel Karim Ali; de Industria, Abdel Qader Joukhadar; de Asuntos Sociales y Trabajo, Loay Al-Munajid; y de Estado, Ahmed Boustaji, prestaron hoy juramento constitucional ante el presidente Bashar Al-Assad.<\/p>\n<p style=\"text-align: justify;\"><span style=\"color: #000080;\"><strong>Al-Assad: Cambiar las personas no es un fin en s\u00ed mismo sino un medio para elevar el empe\u00f1o ministerial<\/strong><\/span><\/p>\n<p style=\"text-align: justify;\">Durante su reuni\u00f3n con los nuevos titulares, el mandatario consider\u00f3 que cambiar a las personas no es un fin en s\u00ed mismo sino un medio para elevar el empe\u00f1o y nivel de trabajo en los ministerios e instituciones.<\/p>\n<p><img loading=\"lazy\" decoding=\"async\" class=\"alignleft wp-image-292770 size-medium\" src=\"http:\/\/sana.sy\/es\/wp-content\/uploads\/2023\/04\/Presidente-Al-Assad-pide-a-nuevos-ministros-hacen-una-gestion-eficaz-de-oportunidades-y-recursos-300x150.jpg\" alt=\"Presidente Al-Assad pide a nuevos ministros hacen una gesti\u00f3n eficaz de oportunidades y recursos\" width=\"300\" height=\"150\" srcset=\"https:\/\/archive.sana.sy\/es\/wp-content\/uploads\/2023\/04\/Presidente-Al-Assad-pide-a-nuevos-ministros-hacen-una-gestion-eficaz-de-oportunidades-y-recursos-300x150.jpg 300w, https:\/\/archive.sana.sy\/es\/wp-content\/uploads\/2023\/04\/Presidente-Al-Assad-pide-a-nuevos-ministros-hacen-una-gestion-eficaz-de-oportunidades-y-recursos-150x75.jpg 150w, https:\/\/archive.sana.sy\/es\/wp-content\/uploads\/2023\/04\/Presidente-Al-Assad-pide-a-nuevos-ministros-hacen-una-gestion-eficaz-de-oportunidades-y-recursos.jpg 660w\" sizes=\"(max-width: 300px) 100vw, 300px\" \/><\/p>\n<p style=\"text-align: justify;\">\u201cEl cambio no est\u00e1 asociado con los nombres de las personas sino con su capacidad de ofrecer aporte nuevo en sus ministerios e instituciones y de construir sistemas de trabajo que potencien su rol y dinamicen el desempe\u00f1o de las instituciones\u201d, dijo Al-Assad.<\/p>\n<p style=\"text-align: justify;\">Consider\u00f3, adem\u00e1s, que el trabajo ministerial se manifiesta en la capacidad de armonizar entre las capacidades y la realidad por un lado, y las ideas y pol\u00edticas por otro lado, y ello, seg\u00fan el presidente, requiere gestionar los recursos de manera justa y l\u00f3gica para asegurar la mejor utilizaci\u00f3n de los mismos y aprovechar las oportunidades disponibles de manera efectiva.<\/p>\n<p style=\"text-align: justify;\"><span style=\"color: #000080;\"><strong>Al-Assad: Hay que ser intolerantes con la corrupci\u00f3n<\/strong><\/span><\/p>\n<p style=\"text-align: justify;\">Agreg\u00f3 que las pol\u00edticas establecidas por cada ministerio deben armonizar con las pol\u00edticas del gobierno, y subray\u00f3 la importancia de los contactos con los ciudadanos.<\/p>\n<p style=\"text-align: justify;\">El presidente sirio pidi\u00f3 intolerancia hacia la corrupci\u00f3n y consider\u00f3 que no es suficiente que el funcionario sea honesto sino que debe ser capaz de luchar contra la corrupci\u00f3n dentro de su ministerio o instituci\u00f3n, y que el \u00e9xito del gobierno est\u00e1 vinculado con la magnitud de lograr justicia y aplicaci\u00f3n de las leyes sobre todos.<\/p>\n<p style=\"text-align: justify;\">fm\/rr<\/p>\n<p>&nbsp;<\/p>\n<div id='gallery-1' class='gallery galleryid-292769 gallery-columns-1 gallery-size-full'><figure class='gallery-item'>\n\t\t\t<div class='gallery-icon landscape'>\n\t\t\t\t<a href='https:\/\/archive.sana.sy\/es\/wp-content\/uploads\/2023\/04\/23.04.01.MP-\u0642\u0633\u0645-\u0648\u0632\u0631\u0627\u0621-\u062c\u062f\u062f-3-scaled.jpg'><img loading=\"lazy\" decoding=\"async\" width=\"2560\" height=\"1441\" src=\"https:\/\/archive.sana.sy\/es\/wp-content\/uploads\/2023\/04\/23.04.01.MP-\u0642\u0633\u0645-\u0648\u0632\u0631\u0627\u0621-\u062c\u062f\u062f-3-scaled.jpg\" class=\"attachment-full size-full\" alt=\"\" srcset=\"https:\/\/archive.sana.sy\/es\/wp-content\/uploads\/2023\/04\/23.04.01.MP-\u0642\u0633\u0645-\u0648\u0632\u0631\u0627\u0621-\u062c\u062f\u062f-3-scaled.jpg 2560w, https:\/\/archive.sana.sy\/es\/wp-content\/uploads\/2023\/04\/23.04.01.MP-\u0642\u0633\u0645-\u0648\u0632\u0631\u0627\u0621-\u062c\u062f\u062f-3-300x169.jpg 300w, https:\/\/archive.sana.sy\/es\/wp-content\/uploads\/2023\/04\/23.04.01.MP-\u0642\u0633\u0645-\u0648\u0632\u0631\u0627\u0621-\u062c\u062f\u062f-3-1024x576.jpg 1024w, https:\/\/archive.sana.sy\/es\/wp-content\/uploads\/2023\/04\/23.04.01.MP-\u0642\u0633\u0645-\u0648\u0632\u0631\u0627\u0621-\u062c\u062f\u062f-3-150x84.jpg 150w, https:\/\/archive.sana.sy\/es\/wp-content\/uploads\/2023\/04\/23.04.01.MP-\u0642\u0633\u0645-\u0648\u0632\u0631\u0627\u0621-\u062c\u062f\u062f-3-768x432.jpg 768w, https:\/\/archive.sana.sy\/es\/wp-content\/uploads\/2023\/04\/23.04.01.MP-\u0642\u0633\u0645-\u0648\u0632\u0631\u0627\u0621-\u062c\u062f\u062f-3-1536x865.jpg 1536w, https:\/\/archive.sana.sy\/es\/wp-content\/uploads\/2023\/04\/23.04.01.MP-\u0642\u0633\u0645-\u0648\u0632\u0631\u0627\u0621-\u062c\u062f\u062f-3-2048x1153.jpg 2048w\" sizes=\"(max-width: 2560px) 100vw, 2560px\" \/><\/a>\n\t\t\t<\/div><\/figure><figure class='gallery-item'>\n\t\t\t<div class='gallery-icon landscape'>\n\t\t\t\t<a href='https:\/\/archive.sana.sy\/es\/wp-content\/uploads\/2023\/04\/23.04.01.MP-\u0642\u0633\u0645-\u0648\u0632\u0631\u0627\u0621-\u062c\u062f\u062f-8-scaled.jpg'><img loading=\"lazy\" decoding=\"async\" width=\"2560\" height=\"1258\" src=\"https:\/\/archive.sana.sy\/es\/wp-content\/uploads\/2023\/04\/23.04.01.MP-\u0642\u0633\u0645-\u0648\u0632\u0631\u0627\u0621-\u062c\u062f\u062f-8-scaled.jpg\" class=\"attachment-full size-full\" alt=\"\" srcset=\"https:\/\/archive.sana.sy\/es\/wp-content\/uploads\/2023\/04\/23.04.01.MP-\u0642\u0633\u0645-\u0648\u0632\u0631\u0627\u0621-\u062c\u062f\u062f-8-scaled.jpg 2560w, https:\/\/archive.sana.sy\/es\/wp-content\/uploads\/2023\/04\/23.04.01.MP-\u0642\u0633\u0645-\u0648\u0632\u0631\u0627\u0621-\u062c\u062f\u062f-8-300x147.jpg 300w, https:\/\/archive.sana.sy\/es\/wp-content\/uploads\/2023\/04\/23.04.01.MP-\u0642\u0633\u0645-\u0648\u0632\u0631\u0627\u0621-\u062c\u062f\u062f-8-1024x503.jpg 1024w, https:\/\/archive.sana.sy\/es\/wp-content\/uploads\/2023\/04\/23.04.01.MP-\u0642\u0633\u0645-\u0648\u0632\u0631\u0627\u0621-\u062c\u062f\u062f-8-150x74.jpg 150w, https:\/\/archive.sana.sy\/es\/wp-content\/uploads\/2023\/04\/23.04.01.MP-\u0642\u0633\u0645-\u0648\u0632\u0631\u0627\u0621-\u062c\u062f\u062f-8-768x377.jpg 768w, https:\/\/archive.sana.sy\/es\/wp-content\/uploads\/2023\/04\/23.04.01.MP-\u0642\u0633\u0645-\u0648\u0632\u0631\u0627\u0621-\u062c\u062f\u062f-8-1536x755.jpg 1536w, https:\/\/archive.sana.sy\/es\/wp-content\/uploads\/2023\/04\/23.04.01.MP-\u0642\u0633\u0645-\u0648\u0632\u0631\u0627\u0621-\u062c\u062f\u062f-8-2048x1006.jpg 2048w\" sizes=\"(max-width: 2560px) 100vw, 2560px\" \/><\/a>\n\t\t\t<\/div><\/figure><figure class='gallery-item'>\n\t\t\t<div class='gallery-icon landscape'>\n\t\t\t\t<a href='https:\/\/archive.sana.sy\/es\/wp-content\/uploads\/2023\/04\/23.04.01.MP-\u0642\u0633\u0645-\u0648\u0632\u0631\u0627\u0621-\u062c\u062f\u062f-11-scaled.jpg'><img loading=\"lazy\" decoding=\"async\" width=\"2560\" height=\"1288\" src=\"https:\/\/archive.sana.sy\/es\/wp-content\/uploads\/2023\/04\/23.04.01.MP-\u0642\u0633\u0645-\u0648\u0632\u0631\u0627\u0621-\u062c\u062f\u062f-11-scaled.jpg\" class=\"attachment-full size-full\" alt=\"\" srcset=\"https:\/\/archive.sana.sy\/es\/wp-content\/uploads\/2023\/04\/23.04.01.MP-\u0642\u0633\u0645-\u0648\u0632\u0631\u0627\u0621-\u062c\u062f\u062f-11-scaled.jpg 2560w, https:\/\/archive.sana.sy\/es\/wp-content\/uploads\/2023\/04\/23.04.01.MP-\u0642\u0633\u0645-\u0648\u0632\u0631\u0627\u0621-\u062c\u062f\u062f-11-300x151.jpg 300w, https:\/\/archive.sana.sy\/es\/wp-content\/uploads\/2023\/04\/23.04.01.MP-\u0642\u0633\u0645-\u0648\u0632\u0631\u0627\u0621-\u062c\u062f\u062f-11-1024x515.jpg 1024w, https:\/\/archive.sana.sy\/es\/wp-content\/uploads\/2023\/04\/23.04.01.MP-\u0642\u0633\u0645-\u0648\u0632\u0631\u0627\u0621-\u062c\u062f\u062f-11-150x75.jpg 150w, https:\/\/archive.sana.sy\/es\/wp-content\/uploads\/2023\/04\/23.04.01.MP-\u0642\u0633\u0645-\u0648\u0632\u0631\u0627\u0621-\u062c\u062f\u062f-11-768x386.jpg 768w, https:\/\/archive.sana.sy\/es\/wp-content\/uploads\/2023\/04\/23.04.01.MP-\u0642\u0633\u0645-\u0648\u0632\u0631\u0627\u0621-\u062c\u062f\u062f-11-1536x773.jpg 1536w, https:\/\/archive.sana.sy\/es\/wp-content\/uploads\/2023\/04\/23.04.01.MP-\u0642\u0633\u0645-\u0648\u0632\u0631\u0627\u0621-\u062c\u062f\u062f-11-2048x1030.jpg 2048w\" sizes=\"(max-width: 2560px) 100vw, 2560px\" \/><\/a>\n\t\t\t<\/div><\/figure><figure class='gallery-item'>\n\t\t\t<div class='gallery-icon landscape'>\n\t\t\t\t<a href='https:\/\/archive.sana.sy\/es\/wp-content\/uploads\/2023\/04\/23.04.01.MP-\u0642\u0633\u0645-\u0648\u0632\u0631\u0627\u0621-\u062c\u062f\u062f-14-scaled.jpg'><img loading=\"lazy\" decoding=\"async\" width=\"2560\" height=\"1320\" src=\"https:\/\/archive.sana.sy\/es\/wp-content\/uploads\/2023\/04\/23.04.01.MP-\u0642\u0633\u0645-\u0648\u0632\u0631\u0627\u0621-\u062c\u062f\u062f-14-scaled.jpg\" class=\"attachment-full size-full\" alt=\"\" srcset=\"https:\/\/archive.sana.sy\/es\/wp-content\/uploads\/2023\/04\/23.04.01.MP-\u0642\u0633\u0645-\u0648\u0632\u0631\u0627\u0621-\u062c\u062f\u062f-14-scaled.jpg 2560w, https:\/\/archive.sana.sy\/es\/wp-content\/uploads\/2023\/04\/23.04.01.MP-\u0642\u0633\u0645-\u0648\u0632\u0631\u0627\u0621-\u062c\u062f\u062f-14-300x155.jpg 300w, https:\/\/archive.sana.sy\/es\/wp-content\/uploads\/2023\/04\/23.04.01.MP-\u0642\u0633\u0645-\u0648\u0632\u0631\u0627\u0621-\u062c\u062f\u062f-14-1024x528.jpg 1024w, https:\/\/archive.sana.sy\/es\/wp-content\/uploads\/2023\/04\/23.04.01.MP-\u0642\u0633\u0645-\u0648\u0632\u0631\u0627\u0621-\u062c\u062f\u062f-14-150x77.jpg 150w, https:\/\/archive.sana.sy\/es\/wp-content\/uploads\/2023\/04\/23.04.01.MP-\u0642\u0633\u0645-\u0648\u0632\u0631\u0627\u0621-\u062c\u062f\u062f-14-768x396.jpg 768w, https:\/\/archive.sana.sy\/es\/wp-content\/uploads\/2023\/04\/23.04.01.MP-\u0642\u0633\u0645-\u0648\u0632\u0631\u0627\u0621-\u062c\u062f\u062f-14-1536x792.jpg 1536w, https:\/\/archive.sana.sy\/es\/wp-content\/uploads\/2023\/04\/23.04.01.MP-\u0642\u0633\u0645-\u0648\u0632\u0631\u0627\u0621-\u062c\u062f\u062f-14-2048x1056.jpg 2048w\" sizes=\"(max-width: 2560px) 100vw, 2560px\" \/><\/a>\n\t\t\t<\/div><\/figure><figure class='gallery-item'>\n\t\t\t<div class='gallery-icon landscape'>\n\t\t\t\t<a href='https:\/\/archive.sana.sy\/es\/wp-content\/uploads\/2023\/04\/23.04.01.MP-\u0642\u0633\u0645-\u0648\u0632\u0631\u0627\u0621-\u062c\u062f\u062f-17-scaled.jpg'><img loading=\"lazy\" decoding=\"async\" width=\"2560\" height=\"1337\" src=\"https:\/\/archive.sana.sy\/es\/wp-content\/uploads\/2023\/04\/23.04.01.MP-\u0642\u0633\u0645-\u0648\u0632\u0631\u0627\u0621-\u062c\u062f\u062f-17-scaled.jpg\" class=\"attachment-full size-full\" alt=\"\" srcset=\"https:\/\/archive.sana.sy\/es\/wp-content\/uploads\/2023\/04\/23.04.01.MP-\u0642\u0633\u0645-\u0648\u0632\u0631\u0627\u0621-\u062c\u062f\u062f-17-scaled.jpg 2560w, https:\/\/archive.sana.sy\/es\/wp-content\/uploads\/2023\/04\/23.04.01.MP-\u0642\u0633\u0645-\u0648\u0632\u0631\u0627\u0621-\u062c\u062f\u062f-17-300x157.jpg 300w, https:\/\/archive.sana.sy\/es\/wp-content\/uploads\/2023\/04\/23.04.01.MP-\u0642\u0633\u0645-\u0648\u0632\u0631\u0627\u0621-\u062c\u062f\u062f-17-1024x535.jpg 1024w, https:\/\/archive.sana.sy\/es\/wp-content\/uploads\/2023\/04\/23.04.01.MP-\u0642\u0633\u0645-\u0648\u0632\u0631\u0627\u0621-\u062c\u062f\u062f-17-150x78.jpg 150w, https:\/\/archive.sana.sy\/es\/wp-content\/uploads\/2023\/04\/23.04.01.MP-\u0642\u0633\u0645-\u0648\u0632\u0631\u0627\u0621-\u062c\u062f\u062f-17-768x401.jpg 768w, https:\/\/archive.sana.sy\/es\/wp-content\/uploads\/2023\/04\/23.04.01.MP-\u0642\u0633\u0645-\u0648\u0632\u0631\u0627\u0621-\u062c\u062f\u062f-17-1536x802.jpg 1536w, https:\/\/archive.sana.sy\/es\/wp-content\/uploads\/2023\/04\/23.04.01.MP-\u0642\u0633\u0645-\u0648\u0632\u0631\u0627\u0621-\u062c\u062f\u062f-17-2048x1070.jpg 2048w\" sizes=\"(max-width: 2560px) 100vw, 2560px\" \/><\/a>\n\t\t\t<\/div><\/figure>\n\t\t<\/div>\n\n","protected":false},"excerpt":{"rendered":"<p>Consider\u00f3, adem\u00e1s, que el trabajo ministerial se manifiesta en la capacidad de armonizar entre las capacidades y la realidad por un lado, y las ideas y pol\u00edticas por otro lado, y ello, seg\u00fan el presidente, requiere gestionar los recursos de manera justa y l\u00f3gica para asegurar la mejor utilizaci\u00f3n de los mismos y aprovechar las &hellip;<\/p>\n","protected":false},"author":31,"featured_media":292772,"comment_status":"closed","ping_status":"closed","sticky":false,"template":"","format":"standard","meta":{"footnotes":""},"categories":[597,476,16237,583],"tags":[7161,8882,6553],"class_list":["post-292769","post","type-post","status-publish","format-standard","has-post-thumbnail","","category-cinta-de-noticias","category-locales","category-presidence-de-la-republique-arabe-syria","category-slide","tag-damasco","tag-presidente","tag-siria"],"_links":{"self":[{"href":"https:\/\/archive.sana.sy\/es\/index.php?rest_route=\/wp\/v2\/posts\/292769"}],"collection":[{"href":"https:\/\/archive.sana.sy\/es\/index.php?rest_route=\/wp\/v2\/posts"}],"about":[{"href":"https:\/\/archive.sana.sy\/es\/index.php?rest_route=\/wp\/v2\/types\/post"}],"author":[{"embeddable":true,"href":"https:\/\/archive.sana.sy\/es\/index.php?rest_route=\/wp\/v2\/users\/31"}],"replies":[{"embeddable":true,"href":"https:\/\/archive.sana.sy\/es\/index.php?rest_route=%2Fwp%2Fv2%2Fcomments&post=292769"}],"version-history":[{"count":3,"href":"https:\/\/archive.sana.sy\/es\/index.php?rest_route=\/wp\/v2\/posts\/292769\/revisions"}],"predecessor-version":[{"id":292779,"href":"https:\/\/archive.sana.sy\/es\/index.php?rest_route=\/wp\/v2\/posts\/292769\/revisions\/292779"}],"wp:featuredmedia":[{"embeddable":true,"href":"https:\/\/archive.sana.sy\/es\/index.php?rest_route=\/wp\/v2\/media\/292772"}],"wp:attachment":[{"href":"https:\/\/archive.sana.sy\/es\/index.php?rest_route=%2Fwp%2Fv2%2Fmedia&parent=292769"}],"wp:term":[{"taxonomy":"category","embeddable":true,"href":"https:\/\/archive.sana.sy\/es\/index.php?rest_route=%2Fwp%2Fv2%2Fcategories&post=292769"},{"taxonomy":"post_tag","embeddable":true,"href":"https:\/\/archive.sana.sy\/es\/index.php?rest_route=%2Fwp%2Fv2%2Ftags&post=292769"}],"curies":[{"name":"wp","href":"https:\/\/api.w.org\/{rel}","templated":true}]}}