{"id":292786,"date":"2023-04-01T15:27:39","date_gmt":"2023-04-01T12:27:39","guid":{"rendered":"http:\/\/sana.sy\/es\/?p=292786"},"modified":"2023-04-01T20:40:30","modified_gmt":"2023-04-01T17:40:30","slug":"cancilleres-de-siria-y-egipto-se-reunion-en-el-cairo-que-temas-abordaron","status":"publish","type":"post","link":"https:\/\/archive.sana.sy\/es\/?p=292786","title":{"rendered":"Cancilleres de Siria y Egipto se re\u00fanen en El Cairo, \u00bfqu\u00e9 temas abordaron?"},"content":{"rendered":"<blockquote>\n<p style=\"text-align: justify;\"><span style=\"color: #993300;\">\u201cEgipto aspira a que Siria salga victoriosa de esta crisis y retorne a ejerciendo su importante rol en los escenarios \u00e1rabe e internacional\u201d<\/span><\/p>\n<\/blockquote>\n<p style=\"text-align: justify;\"><span style=\"color: #993300;\"><strong>El Cairo, 1 abr (SANA)\u00a0<\/strong> <\/span>\u00a0 Los ministros de Asuntos Exteriores de Siria, Faisal Al-Mekdad, y de Egipto, Sameh Shoukry, sostuvieron hoy una sesi\u00f3n de conversaciones bilaterales a puerta cerrada en la capital egipcia, El Cairo; y las mismas fueron seguidas por otras m\u00e1s amplias.<\/p>\n<p style=\"text-align: justify;\">Las conversaciones abordaron la cooperaci\u00f3n bilateral, el fortalecimiento de las relaciones fraternales y la coordinaci\u00f3n respecto a varias cuestiones \u00e1rabes e internacionales de inter\u00e9s com\u00fan.<\/p>\n<p style=\"text-align: justify;\"><strong><span style=\"color: #000080;\">Al-Mekdad destaca hist\u00f3ricas relaciones entre Siria y Egipto<\/span><\/strong><\/p>\n<p style=\"text-align: justify;\">El canciller sirio destac\u00f3 la profundidad de las relaciones hist\u00f3ricas entre los dos pa\u00edses, y expres\u00f3 su gran felicidad por estar en el pa\u00eds hermano Egipto.<\/p>\n<p style=\"text-align: justify;\">Destac\u00f3 los logros alcanzados por el pueblo sirio en su guerra contra el terrorismo, y las dificultades que enfrenta como resultado de las sanciones occidentales.<\/p>\n<p style=\"text-align: justify;\">\u201cAgradecimos los esfuerzos y la ayuda humanitaria brindadas por Egipto a Siria, luego de la cat\u00e1strofe del terremoto que asol\u00f3 varias gobernaciones sirias\u201d, agreg\u00f3.<\/p>\n<p style=\"text-align: justify;\"><span style=\"color: #000080;\"><strong>Shoukry: Egipto aspira a que Siria salga victoriosa de esta crisis<\/strong><\/span><\/p>\n<p style=\"text-align: justify;\">Por su parte, Shoukry afirm\u00f3 que su pa\u00eds se ha esforzado durante los \u00faltimos a\u00f1os por preservar la soberan\u00eda, la integridad territorial y la estabilidad de Siria, y por apoyarla para enfrentar los desaf\u00edos crecientes.<\/p>\n<p style=\"text-align: justify;\">Indic\u00f3 que su pa\u00eds apoya todos los esfuerzos encaminados a lograr una soluci\u00f3n integral de la crisis en Siria, a trav\u00e9s de un di\u00e1logo sirio-sirio para limitar la intervenci\u00f3n extranjera.<\/p>\n<p style=\"text-align: justify;\">\u201cEgipto aspira a que Siria salga victoriosa de esta crisis y retorne a ejerciendo su importante rol en los escenarios \u00e1rabe e internacional\u201d, detall\u00f3.<\/p>\n<p style=\"text-align: justify;\">Al final de la reuni\u00f3n, las dos partes afirmaron la continuaci\u00f3n de la coordinaci\u00f3n y el di\u00e1logo entre s\u00ed a diferentes niveles, en beneficio de varios asuntos \u00e1rabes, el principal de los cuales es la causa palestina.<\/p>\n<p style=\"text-align: justify;\">Asimismo, los dos lados celebraron la reanudaci\u00f3n de las relaciones diplom\u00e1ticas entre Arabia Saudita e Ir\u00e1n, y expresaron su esperanza de que este acuerdo conduzca a una mayor seguridad y estabilidad en la regi\u00f3n.<\/p>\n<p>&nbsp;<\/p>\n<div id='gallery-1' class='gallery galleryid-292786 gallery-columns-3 gallery-size-medium'><figure class='gallery-item'>\n\t\t\t<div class='gallery-icon landscape'>\n\t\t\t\t<a href='https:\/\/archive.sana.sy\/es\/wp-content\/uploads\/2023\/04\/photo_2023-04-01_14-42-54-scaled.jpg'><img loading=\"lazy\" decoding=\"async\" width=\"300\" height=\"154\" src=\"https:\/\/archive.sana.sy\/es\/wp-content\/uploads\/2023\/04\/photo_2023-04-01_14-42-54-300x154.jpg\" class=\"attachment-medium size-medium\" alt=\"\" srcset=\"https:\/\/archive.sana.sy\/es\/wp-content\/uploads\/2023\/04\/photo_2023-04-01_14-42-54-300x154.jpg 300w, https:\/\/archive.sana.sy\/es\/wp-content\/uploads\/2023\/04\/photo_2023-04-01_14-42-54-1024x525.jpg 1024w, https:\/\/archive.sana.sy\/es\/wp-content\/uploads\/2023\/04\/photo_2023-04-01_14-42-54-150x77.jpg 150w, https:\/\/archive.sana.sy\/es\/wp-content\/uploads\/2023\/04\/photo_2023-04-01_14-42-54-768x394.jpg 768w, https:\/\/archive.sana.sy\/es\/wp-content\/uploads\/2023\/04\/photo_2023-04-01_14-42-54-1536x788.jpg 1536w, https:\/\/archive.sana.sy\/es\/wp-content\/uploads\/2023\/04\/photo_2023-04-01_14-42-54-2048x1050.jpg 2048w\" sizes=\"(max-width: 300px) 100vw, 300px\" \/><\/a>\n\t\t\t<\/div><\/figure><figure class='gallery-item'>\n\t\t\t<div class='gallery-icon landscape'>\n\t\t\t\t<a href='https:\/\/archive.sana.sy\/es\/wp-content\/uploads\/2023\/04\/photo_2023-04-01_14-43-02-scaled.jpg'><img loading=\"lazy\" decoding=\"async\" width=\"300\" height=\"151\" src=\"https:\/\/archive.sana.sy\/es\/wp-content\/uploads\/2023\/04\/photo_2023-04-01_14-43-02-300x151.jpg\" class=\"attachment-medium size-medium\" alt=\"\" srcset=\"https:\/\/archive.sana.sy\/es\/wp-content\/uploads\/2023\/04\/photo_2023-04-01_14-43-02-300x151.jpg 300w, https:\/\/archive.sana.sy\/es\/wp-content\/uploads\/2023\/04\/photo_2023-04-01_14-43-02-1024x516.jpg 1024w, https:\/\/archive.sana.sy\/es\/wp-content\/uploads\/2023\/04\/photo_2023-04-01_14-43-02-150x76.jpg 150w, https:\/\/archive.sana.sy\/es\/wp-content\/uploads\/2023\/04\/photo_2023-04-01_14-43-02-768x387.jpg 768w, https:\/\/archive.sana.sy\/es\/wp-content\/uploads\/2023\/04\/photo_2023-04-01_14-43-02-1536x773.jpg 1536w, https:\/\/archive.sana.sy\/es\/wp-content\/uploads\/2023\/04\/photo_2023-04-01_14-43-02-2048x1031.jpg 2048w, https:\/\/archive.sana.sy\/es\/wp-content\/uploads\/2023\/04\/photo_2023-04-01_14-43-02-660x330.jpg 660w, https:\/\/archive.sana.sy\/es\/wp-content\/uploads\/2023\/04\/photo_2023-04-01_14-43-02-1050x525.jpg 1050w\" sizes=\"(max-width: 300px) 100vw, 300px\" \/><\/a>\n\t\t\t<\/div><\/figure><figure class='gallery-item'>\n\t\t\t<div class='gallery-icon landscape'>\n\t\t\t\t<a href='https:\/\/archive.sana.sy\/es\/wp-content\/uploads\/2023\/04\/photo_2023-04-01_14-43-14-scaled.jpg'><img loading=\"lazy\" decoding=\"async\" width=\"300\" height=\"151\" src=\"https:\/\/archive.sana.sy\/es\/wp-content\/uploads\/2023\/04\/photo_2023-04-01_14-43-14-300x151.jpg\" class=\"attachment-medium size-medium\" alt=\"\" srcset=\"https:\/\/archive.sana.sy\/es\/wp-content\/uploads\/2023\/04\/photo_2023-04-01_14-43-14-300x151.jpg 300w, https:\/\/archive.sana.sy\/es\/wp-content\/uploads\/2023\/04\/photo_2023-04-01_14-43-14-1024x514.jpg 1024w, https:\/\/archive.sana.sy\/es\/wp-content\/uploads\/2023\/04\/photo_2023-04-01_14-43-14-150x75.jpg 150w, https:\/\/archive.sana.sy\/es\/wp-content\/uploads\/2023\/04\/photo_2023-04-01_14-43-14-768x386.jpg 768w, https:\/\/archive.sana.sy\/es\/wp-content\/uploads\/2023\/04\/photo_2023-04-01_14-43-14-1536x771.jpg 1536w, https:\/\/archive.sana.sy\/es\/wp-content\/uploads\/2023\/04\/photo_2023-04-01_14-43-14-2048x1028.jpg 2048w, https:\/\/archive.sana.sy\/es\/wp-content\/uploads\/2023\/04\/photo_2023-04-01_14-43-14-660x330.jpg 660w, https:\/\/archive.sana.sy\/es\/wp-content\/uploads\/2023\/04\/photo_2023-04-01_14-43-14-1050x525.jpg 1050w\" sizes=\"(max-width: 300px) 100vw, 300px\" \/><\/a>\n\t\t\t<\/div><\/figure>\n\t\t<\/div>\n\n<p>&nbsp;<\/p>\n<p>rr\/fm<\/p>\n","protected":false},"excerpt":{"rendered":"<p>\u201cEgipto aspira a que Siria salga victoriosa de esta crisis y retorne a ejerciendo su importante rol en los escenarios \u00e1rabe e internacional\u201d El Cairo, 1 abr (SANA)\u00a0 \u00a0 Los ministros de Asuntos Exteriores de Siria, Faisal Al-Mekdad, y de Egipto, Sameh Shoukry, sostuvieron hoy una sesi\u00f3n de conversaciones bilaterales a puerta cerrada en la &hellip;<\/p>\n","protected":false},"author":31,"featured_media":292787,"comment_status":"closed","ping_status":"closed","sticky":false,"template":"","format":"standard","meta":{"footnotes":""},"categories":[597,467,583],"tags":[19797,20089,8253,6553],"class_list":["post-292786","post","type-post","status-publish","format-standard","has-post-thumbnail","","category-cinta-de-noticias","category-siria-y-el-mundo","category-slide","tag-cairo","tag-conversaciones","tag-egipto","tag-siria"],"_links":{"self":[{"href":"https:\/\/archive.sana.sy\/es\/index.php?rest_route=\/wp\/v2\/posts\/292786"}],"collection":[{"href":"https:\/\/archive.sana.sy\/es\/index.php?rest_route=\/wp\/v2\/posts"}],"about":[{"href":"https:\/\/archive.sana.sy\/es\/index.php?rest_route=\/wp\/v2\/types\/post"}],"author":[{"embeddable":true,"href":"https:\/\/archive.sana.sy\/es\/index.php?rest_route=\/wp\/v2\/users\/31"}],"replies":[{"embeddable":true,"href":"https:\/\/archive.sana.sy\/es\/index.php?rest_route=%2Fwp%2Fv2%2Fcomments&post=292786"}],"version-history":[{"count":4,"href":"https:\/\/archive.sana.sy\/es\/index.php?rest_route=\/wp\/v2\/posts\/292786\/revisions"}],"predecessor-version":[{"id":292795,"href":"https:\/\/archive.sana.sy\/es\/index.php?rest_route=\/wp\/v2\/posts\/292786\/revisions\/292795"}],"wp:featuredmedia":[{"embeddable":true,"href":"https:\/\/archive.sana.sy\/es\/index.php?rest_route=\/wp\/v2\/media\/292787"}],"wp:attachment":[{"href":"https:\/\/archive.sana.sy\/es\/index.php?rest_route=%2Fwp%2Fv2%2Fmedia&parent=292786"}],"wp:term":[{"taxonomy":"category","embeddable":true,"href":"https:\/\/archive.sana.sy\/es\/index.php?rest_route=%2Fwp%2Fv2%2Fcategories&post=292786"},{"taxonomy":"post_tag","embeddable":true,"href":"https:\/\/archive.sana.sy\/es\/index.php?rest_route=%2Fwp%2Fv2%2Ftags&post=292786"}],"curies":[{"name":"wp","href":"https:\/\/api.w.org\/{rel}","templated":true}]}}