{"id":292806,"date":"2023-04-02T09:50:31","date_gmt":"2023-04-02T06:50:31","guid":{"rendered":"http:\/\/sana.sy\/es\/?p=292806"},"modified":"2023-04-02T09:52:13","modified_gmt":"2023-04-02T06:52:13","slug":"manifestaciones-en-espana-contra-las-politicas-y-la-expansion-de-la-otan","status":"publish","type":"post","link":"https:\/\/archive.sana.sy\/es\/?p=292806","title":{"rendered":"Manifestaciones en Espa\u00f1a contra las pol\u00edticas y la expansi\u00f3n de la OTAN"},"content":{"rendered":"<blockquote>\n<p style=\"text-align: justify;\"><span style=\"color: #800000;\">\u201cNo a la OTAN\u201d y &#8220;Paren la guerra y la barbarie capitalista&#8221;, eran algunas de las consignas coreadas por los manifestantes.<\/span><\/p>\n<\/blockquote>\n<p style=\"text-align: justify;\"><strong><span style=\"color: #800000;\">Madrid, 2 abr (SANA)<\/span> <\/strong>Cientos de espa\u00f1oles se manifestaron en las ciudades de Pamplona, en la regi\u00f3n de Navarra, y de Vitoria-Gasteiz en el Pa\u00eds Vasco, para protestar contra las pol\u00edticas de la Organizaci\u00f3n del Tratado del Atl\u00e1ntico Norte (OTAN) y su expansi\u00f3n regional.<\/p>\n<p style=\"text-align: justify;\">La agencia de noticias Tass inform\u00f3 que los participantes en la manifestaci\u00f3n corearon consignas contra la Alianza N\u00f3rdica, entre ellas: \u201cNo a la OTAN\u201d y &#8220;Paren la guerra y la barbarie capitalista&#8221;.<\/p>\n<p style=\"text-align: justify;\">Los manifestantes vieron que el conflicto en Ucrania es el resultado de la creciente presencia de la OTAN en suelo ucraniano, y expresaron su oposici\u00f3n a las acciones de la OTAN y los env\u00edos de armas al r\u00e9gimen de Kiev.<\/p>\n<p style=\"text-align: justify;\"><strong>fm\/ws<\/strong><\/p>\n","protected":false},"excerpt":{"rendered":"<p>\u201cNo a la OTAN\u201d y &#8220;Paren la guerra y la barbarie capitalista&#8221;, eran algunas de las consignas coreadas por los manifestantes. Madrid, 2 abr (SANA) Cientos de espa\u00f1oles se manifestaron en las ciudades de Pamplona, en la regi\u00f3n de Navarra, y de Vitoria-Gasteiz en el Pa\u00eds Vasco, para protestar contra las pol\u00edticas de la Organizaci\u00f3n &hellip;<\/p>\n","protected":false},"author":35,"featured_media":292807,"comment_status":"closed","ping_status":"closed","sticky":false,"template":"","format":"standard","meta":{"footnotes":""},"categories":[597,456,16687,20724,7541],"tags":[8599,20593,19811],"class_list":["post-292806","post","type-post","status-publish","format-standard","has-post-thumbnail","","category-cinta-de-noticias","category-arabe-internacional-politica","category-internacionales","category-minuto-a-minuto","category-ultimas-noticias","tag-espana","tag-madrid","tag-otan"],"_links":{"self":[{"href":"https:\/\/archive.sana.sy\/es\/index.php?rest_route=\/wp\/v2\/posts\/292806"}],"collection":[{"href":"https:\/\/archive.sana.sy\/es\/index.php?rest_route=\/wp\/v2\/posts"}],"about":[{"href":"https:\/\/archive.sana.sy\/es\/index.php?rest_route=\/wp\/v2\/types\/post"}],"author":[{"embeddable":true,"href":"https:\/\/archive.sana.sy\/es\/index.php?rest_route=\/wp\/v2\/users\/35"}],"replies":[{"embeddable":true,"href":"https:\/\/archive.sana.sy\/es\/index.php?rest_route=%2Fwp%2Fv2%2Fcomments&post=292806"}],"version-history":[{"count":3,"href":"https:\/\/archive.sana.sy\/es\/index.php?rest_route=\/wp\/v2\/posts\/292806\/revisions"}],"predecessor-version":[{"id":292810,"href":"https:\/\/archive.sana.sy\/es\/index.php?rest_route=\/wp\/v2\/posts\/292806\/revisions\/292810"}],"wp:featuredmedia":[{"embeddable":true,"href":"https:\/\/archive.sana.sy\/es\/index.php?rest_route=\/wp\/v2\/media\/292807"}],"wp:attachment":[{"href":"https:\/\/archive.sana.sy\/es\/index.php?rest_route=%2Fwp%2Fv2%2Fmedia&parent=292806"}],"wp:term":[{"taxonomy":"category","embeddable":true,"href":"https:\/\/archive.sana.sy\/es\/index.php?rest_route=%2Fwp%2Fv2%2Fcategories&post=292806"},{"taxonomy":"post_tag","embeddable":true,"href":"https:\/\/archive.sana.sy\/es\/index.php?rest_route=%2Fwp%2Fv2%2Ftags&post=292806"}],"curies":[{"name":"wp","href":"https:\/\/api.w.org\/{rel}","templated":true}]}}