{"id":292844,"date":"2023-04-02T14:47:17","date_gmt":"2023-04-02T11:47:17","guid":{"rendered":"http:\/\/sana.sy\/es\/?p=292844"},"modified":"2023-04-02T14:47:17","modified_gmt":"2023-04-02T11:47:17","slug":"militares-israelies-asesinan-a-joven-palestino-en-cisjordania","status":"publish","type":"post","link":"https:\/\/archive.sana.sy\/es\/?p=292844","title":{"rendered":"Militares israel\u00edes asesinan a joven palestino en Cisjordania"},"content":{"rendered":"<blockquote>\n<p style=\"text-align: justify;\"><span style=\"color: #993300;\">La agencia palestina de noticias \u201cWafa\u201d inform\u00f3 que los militares israel\u00edes dispararon contra Muhammad Baradiya, de 23 a\u00f1os, mientras conduc\u00eda su veh\u00edculo cerca de la ciudad de Beit Ummar, lo que caus\u00f3 su muerte inmediata.<\/span><\/p>\n<\/blockquote>\n<p style=\"text-align: justify;\"><span style=\"color: #800000;\"><strong>Jerusal\u00e9n ocupada, 02 abr (SANA)\u00a0<\/strong><\/span> \u00a0Un joven palestino fue asesinado hoy por las fuerzas de ocupaci\u00f3n israel\u00edes al norte de Hebr\u00f3n, en Cisjordania.<\/p>\n<p style=\"text-align: justify;\">La agencia palestina de noticias \u201cWafa\u201d inform\u00f3 que los militares israel\u00edes dispararon contra Muhammad Baradiya, de 23 a\u00f1os, mientras conduc\u00eda su veh\u00edculo cerca de la ciudad de Beit Ummar, lo que caus\u00f3 su muerte inmediata.<\/p>\n<p style=\"text-align: justify;\">Las autoridades de ocupaci\u00f3n afirmaron que tres de sus soldados resultaron heridos, dos de ellos de gravedad, al ser atropelladas por el joven palestino antes de su muerte.<\/p>\n<p style=\"text-align: justify;\">Adem\u00e1s, las fuerzas de ocupaci\u00f3n irrumpieron en la ciudad de Beit Amer y dispararon contra los palestinos , lo que provoc\u00f3 casos de asfixia entre decenas de ellos debido a las bombas de gas lacrim\u00f3geno.<\/p>\n<p style=\"text-align: justify;\">ed\/fm<\/p>\n","protected":false},"excerpt":{"rendered":"<p>La agencia palestina de noticias \u201cWafa\u201d inform\u00f3 que los militares israel\u00edes dispararon contra Muhammad Baradiya, de 23 a\u00f1os, mientras conduc\u00eda su veh\u00edculo cerca de la ciudad de Beit Ummar, lo que caus\u00f3 su muerte inmediata. Jerusal\u00e9n ocupada, 02 abr (SANA)\u00a0 \u00a0Un joven palestino fue asesinado hoy por las fuerzas de ocupaci\u00f3n israel\u00edes al norte de &hellip;<\/p>\n","protected":false},"author":32,"featured_media":292846,"comment_status":"closed","ping_status":"closed","sticky":false,"template":"","format":"standard","meta":{"footnotes":""},"categories":[597,456,16687,7541],"tags":[],"class_list":["post-292844","post","type-post","status-publish","format-standard","has-post-thumbnail","","category-cinta-de-noticias","category-arabe-internacional-politica","category-internacionales","category-ultimas-noticias"],"_links":{"self":[{"href":"https:\/\/archive.sana.sy\/es\/index.php?rest_route=\/wp\/v2\/posts\/292844"}],"collection":[{"href":"https:\/\/archive.sana.sy\/es\/index.php?rest_route=\/wp\/v2\/posts"}],"about":[{"href":"https:\/\/archive.sana.sy\/es\/index.php?rest_route=\/wp\/v2\/types\/post"}],"author":[{"embeddable":true,"href":"https:\/\/archive.sana.sy\/es\/index.php?rest_route=\/wp\/v2\/users\/32"}],"replies":[{"embeddable":true,"href":"https:\/\/archive.sana.sy\/es\/index.php?rest_route=%2Fwp%2Fv2%2Fcomments&post=292844"}],"version-history":[{"count":1,"href":"https:\/\/archive.sana.sy\/es\/index.php?rest_route=\/wp\/v2\/posts\/292844\/revisions"}],"predecessor-version":[{"id":292847,"href":"https:\/\/archive.sana.sy\/es\/index.php?rest_route=\/wp\/v2\/posts\/292844\/revisions\/292847"}],"wp:featuredmedia":[{"embeddable":true,"href":"https:\/\/archive.sana.sy\/es\/index.php?rest_route=\/wp\/v2\/media\/292846"}],"wp:attachment":[{"href":"https:\/\/archive.sana.sy\/es\/index.php?rest_route=%2Fwp%2Fv2%2Fmedia&parent=292844"}],"wp:term":[{"taxonomy":"category","embeddable":true,"href":"https:\/\/archive.sana.sy\/es\/index.php?rest_route=%2Fwp%2Fv2%2Fcategories&post=292844"},{"taxonomy":"post_tag","embeddable":true,"href":"https:\/\/archive.sana.sy\/es\/index.php?rest_route=%2Fwp%2Fv2%2Ftags&post=292844"}],"curies":[{"name":"wp","href":"https:\/\/api.w.org\/{rel}","templated":true}]}}