{"id":292849,"date":"2023-04-02T14:52:55","date_gmt":"2023-04-02T11:52:55","guid":{"rendered":"https:\/\/sana.sy\/es\/?p=292849"},"modified":"2023-04-02T14:52:55","modified_gmt":"2023-04-02T11:52:55","slug":"centro-sismologico-de-siria-registro-13-sismos-durante-las-ultimas-24-horas","status":"publish","type":"post","link":"https:\/\/archive.sana.sy\/es\/?p=292849","title":{"rendered":"Centro Sismol\u00f3gico de Siria registr\u00f3 13 sismos durante las \u00faltimas 24 horas"},"content":{"rendered":"<p style=\"text-align: justify;\"><span style=\"color: #800000;\"><strong>Damasco, 02 abr(SANA) <\/strong><\/span>El Centro Sismol\u00f3gico Nacional de Siria registr\u00f3 13 sismos durante las \u00faltimas 24 horas.<\/p>\n<p style=\"text-align: justify;\">En un comunicado, indic\u00f3 que las estaciones de la Red Nacional de Monitoreo S\u00edsmico registraron un terremoto leve a 10 km al sureste de la ciudad de Latakia, seis sismos en Alejandrita, dos temblores d\u00e9biles en L\u00edbano y Palestina, y cuatro sismos en Turqu\u00eda .<\/p>\n<p style=\"text-align: justify;\">Aclar\u00f3 que los sismos ocurrieron en diferentes profundidades, uno de los cuales golpe\u00f3 a Palestina a una profundidad de 92 km.<\/p>\n<p style=\"text-align: justify;\">as\/fm<\/p>\n","protected":false},"excerpt":{"rendered":"<p>Damasco, 02 abr(SANA) El Centro Sismol\u00f3gico Nacional de Siria registr\u00f3 13 sismos durante las \u00faltimas 24 horas. En un comunicado, indic\u00f3 que las estaciones de la Red Nacional de Monitoreo S\u00edsmico registraron un terremoto leve a 10 km al sureste de la ciudad de Latakia, seis sismos en Alejandrita, dos temblores d\u00e9biles en L\u00edbano y &hellip;<\/p>\n","protected":false},"author":42,"featured_media":292851,"comment_status":"closed","ping_status":"closed","sticky":false,"template":"","format":"standard","meta":{"footnotes":""},"categories":[597,20724,16688,476,7541],"tags":[],"class_list":["post-292849","post","type-post","status-publish","format-standard","has-post-thumbnail","","category-cinta-de-noticias","category-minuto-a-minuto","category-nacionales","category-locales","category-ultimas-noticias"],"_links":{"self":[{"href":"https:\/\/archive.sana.sy\/es\/index.php?rest_route=\/wp\/v2\/posts\/292849"}],"collection":[{"href":"https:\/\/archive.sana.sy\/es\/index.php?rest_route=\/wp\/v2\/posts"}],"about":[{"href":"https:\/\/archive.sana.sy\/es\/index.php?rest_route=\/wp\/v2\/types\/post"}],"author":[{"embeddable":true,"href":"https:\/\/archive.sana.sy\/es\/index.php?rest_route=\/wp\/v2\/users\/42"}],"replies":[{"embeddable":true,"href":"https:\/\/archive.sana.sy\/es\/index.php?rest_route=%2Fwp%2Fv2%2Fcomments&post=292849"}],"version-history":[{"count":1,"href":"https:\/\/archive.sana.sy\/es\/index.php?rest_route=\/wp\/v2\/posts\/292849\/revisions"}],"predecessor-version":[{"id":292852,"href":"https:\/\/archive.sana.sy\/es\/index.php?rest_route=\/wp\/v2\/posts\/292849\/revisions\/292852"}],"wp:featuredmedia":[{"embeddable":true,"href":"https:\/\/archive.sana.sy\/es\/index.php?rest_route=\/wp\/v2\/media\/292851"}],"wp:attachment":[{"href":"https:\/\/archive.sana.sy\/es\/index.php?rest_route=%2Fwp%2Fv2%2Fmedia&parent=292849"}],"wp:term":[{"taxonomy":"category","embeddable":true,"href":"https:\/\/archive.sana.sy\/es\/index.php?rest_route=%2Fwp%2Fv2%2Fcategories&post=292849"},{"taxonomy":"post_tag","embeddable":true,"href":"https:\/\/archive.sana.sy\/es\/index.php?rest_route=%2Fwp%2Fv2%2Ftags&post=292849"}],"curies":[{"name":"wp","href":"https:\/\/api.w.org\/{rel}","templated":true}]}}