{"id":292863,"date":"2023-04-02T18:25:47","date_gmt":"2023-04-02T15:25:47","guid":{"rendered":"http:\/\/sana.sy\/es\/?p=292863"},"modified":"2023-04-02T18:25:47","modified_gmt":"2023-04-02T15:25:47","slug":"piongyang-eeuu-y-sus-titeres-pagaran-alto-precio-por-sus-locuras-belicas","status":"publish","type":"post","link":"https:\/\/archive.sana.sy\/es\/?p=292863","title":{"rendered":"Piongyang: EEUU y sus t\u00edteres pagar\u00e1n alto precio por sus locuras b\u00e9licas"},"content":{"rendered":"<blockquote>\n<p style=\"text-align: justify;\"><span style=\"color: #993300;\">Aunque desde el Pent\u00e1gono y el Departamento de Estado estadounidense repiten como loros que las maniobras son rutinarias y de car\u00e1cter defensivo, ocultan su siniestro plan para arruinar la paz y la estabilidad en la regi\u00f3n.<\/span><\/p>\n<\/blockquote>\n<p style=\"text-align: justify;\"><span style=\"color: #993300;\"><strong><span style=\"color: #800000;\">Piongyang, 2 mar (SANA)<\/span>\u00a0<\/strong><\/span> \u00a0La Agencia Central de Noticias de Corea del Norte afirm\u00f3 hoy que EE.UU. y sus seguidores nunca deben olvidar el hecho de que su rival es un Estado con capacidades nucleares.<\/p>\n<p style=\"text-align: justify;\">EE.UU. y Corea del Sur podr\u00edan pagar un alto precio por sus actos imprudentes de hostilidad contra Pionyang, afirm\u00f3 el medio en un art\u00edculo.<\/p>\n<p style=\"text-align: justify;\">Critic\u00f3 los ejercicios militares conjuntos a gran escala que los pa\u00edses aliados de EEUU vienen realizando desde mediados de marzo en la pen\u00ednsula de Corea.<\/p>\n<p style=\"text-align: justify;\">Seg\u00fan la agencia, Washington y sus t\u00edteres se est\u00e1n entrenando para aplicar sus capacidades en combate real para la toma de Pionyang.<\/p>\n<p style=\"text-align: justify;\">Aunque desde el Pent\u00e1gono y el Departamento de Estado estadounidense repiten como loros que las maniobras son rutinarias y de car\u00e1cter defensivo, ocultan su siniestro plan para arruinar la paz y la estabilidad en la regi\u00f3n, concluy\u00f3 la agencia.<\/p>\n<p style=\"text-align: justify;\">fm\/rr<\/p>\n","protected":false},"excerpt":{"rendered":"<p>Aunque desde el Pent\u00e1gono y el Departamento de Estado estadounidense repiten como loros que las maniobras son rutinarias y de car\u00e1cter defensivo, ocultan su siniestro plan para arruinar la paz y la estabilidad en la regi\u00f3n. Piongyang, 2 mar (SANA)\u00a0 \u00a0La Agencia Central de Noticias de Corea del Norte afirm\u00f3 hoy que EE.UU. y sus &hellip;<\/p>\n","protected":false},"author":31,"featured_media":292864,"comment_status":"closed","ping_status":"closed","sticky":false,"template":"","format":"standard","meta":{"footnotes":""},"categories":[456,16687],"tags":[20772,7132,21700],"class_list":["post-292863","post","type-post","status-publish","format-standard","has-post-thumbnail","","category-arabe-internacional-politica","category-internacionales","tag-corea","tag-eeuu","tag-piongyang"],"_links":{"self":[{"href":"https:\/\/archive.sana.sy\/es\/index.php?rest_route=\/wp\/v2\/posts\/292863"}],"collection":[{"href":"https:\/\/archive.sana.sy\/es\/index.php?rest_route=\/wp\/v2\/posts"}],"about":[{"href":"https:\/\/archive.sana.sy\/es\/index.php?rest_route=\/wp\/v2\/types\/post"}],"author":[{"embeddable":true,"href":"https:\/\/archive.sana.sy\/es\/index.php?rest_route=\/wp\/v2\/users\/31"}],"replies":[{"embeddable":true,"href":"https:\/\/archive.sana.sy\/es\/index.php?rest_route=%2Fwp%2Fv2%2Fcomments&post=292863"}],"version-history":[{"count":1,"href":"https:\/\/archive.sana.sy\/es\/index.php?rest_route=\/wp\/v2\/posts\/292863\/revisions"}],"predecessor-version":[{"id":292865,"href":"https:\/\/archive.sana.sy\/es\/index.php?rest_route=\/wp\/v2\/posts\/292863\/revisions\/292865"}],"wp:featuredmedia":[{"embeddable":true,"href":"https:\/\/archive.sana.sy\/es\/index.php?rest_route=\/wp\/v2\/media\/292864"}],"wp:attachment":[{"href":"https:\/\/archive.sana.sy\/es\/index.php?rest_route=%2Fwp%2Fv2%2Fmedia&parent=292863"}],"wp:term":[{"taxonomy":"category","embeddable":true,"href":"https:\/\/archive.sana.sy\/es\/index.php?rest_route=%2Fwp%2Fv2%2Fcategories&post=292863"},{"taxonomy":"post_tag","embeddable":true,"href":"https:\/\/archive.sana.sy\/es\/index.php?rest_route=%2Fwp%2Fv2%2Ftags&post=292863"}],"curies":[{"name":"wp","href":"https:\/\/api.w.org\/{rel}","templated":true}]}}