{"id":292875,"date":"2023-04-02T19:03:26","date_gmt":"2023-04-02T16:03:26","guid":{"rendered":"http:\/\/sana.sy\/es\/?p=292875"},"modified":"2023-04-02T19:09:36","modified_gmt":"2023-04-02T16:09:36","slug":"delegacion-siria-llega-a-moscu-para-participar-en-reunion-de-vicecancilleres-de-rusia-iran-turquia-y-siria","status":"publish","type":"post","link":"https:\/\/archive.sana.sy\/es\/?p=292875","title":{"rendered":"Delegaci\u00f3n siria llega a Mosc\u00fa para participar en reuni\u00f3n de vicecancilleres de Rusia, Ir\u00e1n, Turqu\u00eda y Siria"},"content":{"rendered":"<p style=\"text-align: justify;\"><strong><span style=\"color: #800000;\">Damasco, 2 abr (SANA)\u00a0<\/span> <\/strong>\u00a0 Una delegaci\u00f3n de la Rep\u00fablica \u00c1rabe Siria, encabezada por Ayman Soussan, el ministro asistente de Asuntos Exteriores y Expatriados, lleg\u00f3 hoy a Mosc\u00fa para participar en una reuni\u00f3n de los viceministros de Siria, Rusia, Ir\u00e1n y Turqu\u00eda.<\/p>\n<p style=\"text-align: justify;\">En declaraciones a SANA, el Vicecanciller Soussan dijo que la delegaci\u00f3n que preside realizar\u00e1 consultas bilaterales con las delegaciones rusa e iran\u00ed el 3 de abril, y el d\u00eda siguiente, 4 de abril, participar\u00e1 en la reuni\u00f3n cuatripartita.<\/p>\n<p style=\"text-align: justify;\">Sousan agreg\u00f3 que la delegaci\u00f3n tratar\u00e1 espec\u00edficamente el fin de la presencia militar turca en territorio sirio, la lucha contra el terrorismo y la no injerencia en los asuntos internos de Siria.<\/p>\n<p style=\"text-align: justify;\">fm\/rr<\/p>\n<p><img decoding=\"async\" src=\"http:\/\/sana.sy\/wp-content\/uploads\/2023\/04\/%D9%87%D9%8A-%D8%AC%D9%88%D8%A7-%D8%A7%D9%84%D8%AE%D8%A8%D8%B1-copy.jpg\" \/><\/p>\n","protected":false},"excerpt":{"rendered":"<p>Damasco, 2 abr (SANA)\u00a0 \u00a0 Una delegaci\u00f3n de la Rep\u00fablica \u00c1rabe Siria, encabezada por Ayman Soussan, el ministro asistente de Asuntos Exteriores y Expatriados, lleg\u00f3 hoy a Mosc\u00fa para participar en una reuni\u00f3n de los viceministros de Siria, Rusia, Ir\u00e1n y Turqu\u00eda. En declaraciones a SANA, el Vicecanciller Soussan dijo que la delegaci\u00f3n que preside &hellip;<\/p>\n","protected":false},"author":31,"featured_media":292876,"comment_status":"closed","ping_status":"closed","sticky":false,"template":"","format":"standard","meta":{"footnotes":""},"categories":[597,467,7541],"tags":[2866,6695,6553,7512],"class_list":["post-292875","post","type-post","status-publish","format-standard","has-post-thumbnail","","category-cinta-de-noticias","category-siria-y-el-mundo","category-ultimas-noticias","tag-iran","tag-rusia","tag-siria","tag-turquia"],"_links":{"self":[{"href":"https:\/\/archive.sana.sy\/es\/index.php?rest_route=\/wp\/v2\/posts\/292875"}],"collection":[{"href":"https:\/\/archive.sana.sy\/es\/index.php?rest_route=\/wp\/v2\/posts"}],"about":[{"href":"https:\/\/archive.sana.sy\/es\/index.php?rest_route=\/wp\/v2\/types\/post"}],"author":[{"embeddable":true,"href":"https:\/\/archive.sana.sy\/es\/index.php?rest_route=\/wp\/v2\/users\/31"}],"replies":[{"embeddable":true,"href":"https:\/\/archive.sana.sy\/es\/index.php?rest_route=%2Fwp%2Fv2%2Fcomments&post=292875"}],"version-history":[{"count":2,"href":"https:\/\/archive.sana.sy\/es\/index.php?rest_route=\/wp\/v2\/posts\/292875\/revisions"}],"predecessor-version":[{"id":292878,"href":"https:\/\/archive.sana.sy\/es\/index.php?rest_route=\/wp\/v2\/posts\/292875\/revisions\/292878"}],"wp:featuredmedia":[{"embeddable":true,"href":"https:\/\/archive.sana.sy\/es\/index.php?rest_route=\/wp\/v2\/media\/292876"}],"wp:attachment":[{"href":"https:\/\/archive.sana.sy\/es\/index.php?rest_route=%2Fwp%2Fv2%2Fmedia&parent=292875"}],"wp:term":[{"taxonomy":"category","embeddable":true,"href":"https:\/\/archive.sana.sy\/es\/index.php?rest_route=%2Fwp%2Fv2%2Fcategories&post=292875"},{"taxonomy":"post_tag","embeddable":true,"href":"https:\/\/archive.sana.sy\/es\/index.php?rest_route=%2Fwp%2Fv2%2Ftags&post=292875"}],"curies":[{"name":"wp","href":"https:\/\/api.w.org\/{rel}","templated":true}]}}