{"id":292879,"date":"2023-04-02T18:05:53","date_gmt":"2023-04-02T15:05:53","guid":{"rendered":"http:\/\/sana.sy\/es\/?p=292879"},"modified":"2023-04-02T20:14:41","modified_gmt":"2023-04-02T17:14:41","slug":"atentado-con-explosivo-en-san-petersburgo-mata-al-corresponsal-de-guerra-ruso-maxim-fomin","status":"publish","type":"post","link":"https:\/\/archive.sana.sy\/es\/?p=292879","title":{"rendered":"Atentado con explosivo en San Petersburgo mata al corresponsal de guerra ruso Maxim Fom\u00edn"},"content":{"rendered":"<p style=\"text-align: justify;\"><span style=\"color: #800000;\"><strong>Mosc\u00fa, 2 abr (SANA)\u00a0<\/strong><\/span> \u00a0El corresponsal de guerra ruso Maxim Fom\u00edn, conocido como Vladl\u00e9n Tatarski, perdi\u00f3 la vida tras una explosi\u00f3n en un restaurante en el centro de la ciudad rusa de San Petersburgo.<\/p>\n<p style=\"text-align: justify;\">En el incidente que se produjo durante un evento dedicado al periodista, 16 personas resultaron heridas.<\/p>\n<p style=\"text-align: justify;\">Seg\u00fan datos preliminares, el artefacto explosivo estaba oculto en una estatuilla regalada a Tatarski.<\/p>\n<p style=\"text-align: justify;\">fm\/rr<\/p>\n","protected":false},"excerpt":{"rendered":"<p>Mosc\u00fa, 2 abr (SANA)\u00a0 \u00a0El corresponsal de guerra ruso Maxim Fom\u00edn, conocido como Vladl\u00e9n Tatarski, perdi\u00f3 la vida tras una explosi\u00f3n en un restaurante en el centro de la ciudad rusa de San Petersburgo. En el incidente que se produjo durante un evento dedicado al periodista, 16 personas resultaron heridas. Seg\u00fan datos preliminares, el artefacto &hellip;<\/p>\n","protected":false},"author":31,"featured_media":292880,"comment_status":"closed","ping_status":"closed","sticky":false,"template":"","format":"standard","meta":{"footnotes":""},"categories":[597,456,16687,7541],"tags":[8597,21928,21927],"class_list":["post-292879","post","type-post","status-publish","format-standard","has-post-thumbnail","","category-cinta-de-noticias","category-arabe-internacional-politica","category-internacionales","category-ultimas-noticias","tag-atentado","tag-corresponsal","tag-san-petersburgo"],"_links":{"self":[{"href":"https:\/\/archive.sana.sy\/es\/index.php?rest_route=\/wp\/v2\/posts\/292879"}],"collection":[{"href":"https:\/\/archive.sana.sy\/es\/index.php?rest_route=\/wp\/v2\/posts"}],"about":[{"href":"https:\/\/archive.sana.sy\/es\/index.php?rest_route=\/wp\/v2\/types\/post"}],"author":[{"embeddable":true,"href":"https:\/\/archive.sana.sy\/es\/index.php?rest_route=\/wp\/v2\/users\/31"}],"replies":[{"embeddable":true,"href":"https:\/\/archive.sana.sy\/es\/index.php?rest_route=%2Fwp%2Fv2%2Fcomments&post=292879"}],"version-history":[{"count":1,"href":"https:\/\/archive.sana.sy\/es\/index.php?rest_route=\/wp\/v2\/posts\/292879\/revisions"}],"predecessor-version":[{"id":292881,"href":"https:\/\/archive.sana.sy\/es\/index.php?rest_route=\/wp\/v2\/posts\/292879\/revisions\/292881"}],"wp:featuredmedia":[{"embeddable":true,"href":"https:\/\/archive.sana.sy\/es\/index.php?rest_route=\/wp\/v2\/media\/292880"}],"wp:attachment":[{"href":"https:\/\/archive.sana.sy\/es\/index.php?rest_route=%2Fwp%2Fv2%2Fmedia&parent=292879"}],"wp:term":[{"taxonomy":"category","embeddable":true,"href":"https:\/\/archive.sana.sy\/es\/index.php?rest_route=%2Fwp%2Fv2%2Fcategories&post=292879"},{"taxonomy":"post_tag","embeddable":true,"href":"https:\/\/archive.sana.sy\/es\/index.php?rest_route=%2Fwp%2Fv2%2Ftags&post=292879"}],"curies":[{"name":"wp","href":"https:\/\/api.w.org\/{rel}","templated":true}]}}