{"id":29292,"date":"2015-09-01T17:22:13","date_gmt":"2015-09-01T14:22:13","guid":{"rendered":"http:\/\/sana.sy\/es\/?p=29292"},"modified":"2015-09-01T17:27:51","modified_gmt":"2015-09-01T14:27:51","slug":"lavrov-el-ejercito-sirio-es-la-fuerza-mas-eficaz-sobre-el-terreno-en-la-lucha-contra-el-terrorismo","status":"publish","type":"post","link":"https:\/\/archive.sana.sy\/es\/?p=29292","title":{"rendered":"Lavrov: El ej\u00e9rcito sirio es la fuerza m\u00e1s eficaz sobre el terreno en la lucha contra el terrorismo"},"content":{"rendered":"<p><span style=\"color: #800000\">Mosc\u00fa, SANA<\/span><\/p>\n<p>El ministro de Exteriores de Rusia, Sergey Lavrov, subray\u00f3 que la amenaza terrorista se considera como uno de los retos m\u00e1s importantes que est\u00e1 enfrentando el mundo.<\/p>\n<p>En su tradicional discurso ante los estudiantes de la Universidad de Relaciones Internacionales del Ministerio de Asuntos Exteriores de Rusia, Lavrov dijo de que el ej\u00e9rcito sirio es la fuerza m\u00e1s eficaz sobre el terreno en la lucha contra el terrorismo.<\/p>\n<p>Lavrov a\u00f1adi\u00f3 que se debe buscar las ra\u00edces del terrorismo en Medio Oriente y no distorsionar la verdad.<\/p>\n<p>El canciller ruso coment\u00f3 los fuertes enfrentamientos que se produjeron este lunes en Kiev, diciendo que &#8220;no se debe coquetear con los extremistas.<\/p>\n<p><span style=\"color: #00ccff\">Fady M., Hala B.<\/span><\/p>\n","protected":false},"excerpt":{"rendered":"<p>Mosc\u00fa, SANA El ministro de Exteriores de Rusia, Sergey Lavrov, subray\u00f3 que la amenaza terrorista se considera como uno de los retos m\u00e1s importantes que est\u00e1 enfrentando el mundo. En su tradicional discurso ante los estudiantes de la Universidad de Relaciones Internacionales del Ministerio de Asuntos Exteriores de Rusia, Lavrov dijo de que el ej\u00e9rcito &hellip;<\/p>\n","protected":false},"author":1,"featured_media":29293,"comment_status":"closed","ping_status":"closed","sticky":false,"template":"","format":"standard","meta":{"footnotes":""},"categories":[597,456,457,576],"tags":[6469],"class_list":["post-29292","post","type-post","status-publish","format-standard","has-post-thumbnail","","category-cinta-de-noticias","category-arabe-internacional-politica","category-noticias-arabe-internacional-politica","category-noticias-politicas","tag-lavrov-el-ejercito-sirio-es-la-fuerza-mas-eficaz-sobre-el-terreno-en-la-lucha-contra-el-terrorismo"],"_links":{"self":[{"href":"https:\/\/archive.sana.sy\/es\/index.php?rest_route=\/wp\/v2\/posts\/29292"}],"collection":[{"href":"https:\/\/archive.sana.sy\/es\/index.php?rest_route=\/wp\/v2\/posts"}],"about":[{"href":"https:\/\/archive.sana.sy\/es\/index.php?rest_route=\/wp\/v2\/types\/post"}],"author":[{"embeddable":true,"href":"https:\/\/archive.sana.sy\/es\/index.php?rest_route=\/wp\/v2\/users\/1"}],"replies":[{"embeddable":true,"href":"https:\/\/archive.sana.sy\/es\/index.php?rest_route=%2Fwp%2Fv2%2Fcomments&post=29292"}],"version-history":[{"count":0,"href":"https:\/\/archive.sana.sy\/es\/index.php?rest_route=\/wp\/v2\/posts\/29292\/revisions"}],"wp:featuredmedia":[{"embeddable":true,"href":"https:\/\/archive.sana.sy\/es\/index.php?rest_route=\/wp\/v2\/media\/29293"}],"wp:attachment":[{"href":"https:\/\/archive.sana.sy\/es\/index.php?rest_route=%2Fwp%2Fv2%2Fmedia&parent=29292"}],"wp:term":[{"taxonomy":"category","embeddable":true,"href":"https:\/\/archive.sana.sy\/es\/index.php?rest_route=%2Fwp%2Fv2%2Fcategories&post=29292"},{"taxonomy":"post_tag","embeddable":true,"href":"https:\/\/archive.sana.sy\/es\/index.php?rest_route=%2Fwp%2Fv2%2Ftags&post=29292"}],"curies":[{"name":"wp","href":"https:\/\/api.w.org\/{rel}","templated":true}]}}