{"id":293013,"date":"2023-04-04T06:26:27","date_gmt":"2023-04-04T03:26:27","guid":{"rendered":"http:\/\/sana.sy\/es\/?p=293013"},"modified":"2023-04-04T06:26:27","modified_gmt":"2023-04-04T03:26:27","slug":"tunez-eleva-su-representacion-diplomatica-en-siria-a-nivel-de-embajador","status":"publish","type":"post","link":"https:\/\/archive.sana.sy\/es\/?p=293013","title":{"rendered":"T\u00fanez eleva su representaci\u00f3n diplom\u00e1tica en Siria a nivel de embajador"},"content":{"rendered":"<blockquote>\n<p style=\"text-align: justify;\"><span style=\"color: #993300;\">El presidente tunecino, Kais Saied, dio instrucciones al Ministerio de Asuntos Exteriores e Inmigraci\u00f3n para que inicie los tr\u00e1mites para el nombramiento de un embajador de su pa\u00eds en Siria.<\/span><\/p>\n<\/blockquote>\n<p style=\"text-align: justify;\"><span style=\"color: #800000;\"><strong>T\u00fanez, 4 abr (SANA)<\/strong><\/span>\u00a0\u00a0 El presidente tunecino, Kais Saied, dio instrucciones al Ministerio de Asuntos Exteriores e Inmigraci\u00f3n para que inicie los tr\u00e1mites para el nombramiento de un embajador de su pa\u00eds en Siria.<\/p>\n<p style=\"text-align: justify;\">La Presidencia de la Rep\u00fablica de T\u00fanez inform\u00f3 en su p\u00e1gina oficial de Facebook, que el presidente Said dio estas instrucciones durante su reuni\u00f3n con Nabil Ammar, el ministro de Asuntos Exteriores, y\u00a0 destac\u00f3 que las posiciones de T\u00fanez respecto al exterior se derivan de la voluntad de su pueblo dentro del pa\u00eds.<\/p>\n<p style=\"text-align: justify;\">El mandatario subray\u00f3 la necesidad de adherirse a los principios de la pol\u00edtica exterior de la diplomacia tunecina, el m\u00e1s importante de los cuales es la no implicaci\u00f3n en ninguna tendencia y la independencia de la decisi\u00f3n nacional.<\/p>\n<p style=\"text-align: justify;\">fm<\/p>\n<p style=\"text-align: justify;\">\n","protected":false},"excerpt":{"rendered":"<p>El presidente tunecino, Kais Saied, dio instrucciones al Ministerio de Asuntos Exteriores e Inmigraci\u00f3n para que inicie los tr\u00e1mites para el nombramiento de un embajador de su pa\u00eds en Siria. T\u00fanez, 4 abr (SANA)\u00a0\u00a0 El presidente tunecino, Kais Saied, dio instrucciones al Ministerio de Asuntos Exteriores e Inmigraci\u00f3n para que inicie los tr\u00e1mites para el &hellip;<\/p>\n","protected":false},"author":34,"featured_media":293014,"comment_status":"closed","ping_status":"closed","sticky":false,"template":"","format":"standard","meta":{"footnotes":""},"categories":[447,477,597,20724,476,467,7541],"tags":[],"class_list":["post-293013","post","type-post","status-publish","format-standard","has-post-thumbnail","","category-local-politica","category-noticias-edulcorantes","category-cinta-de-noticias","category-minuto-a-minuto","category-locales","category-siria-y-el-mundo","category-ultimas-noticias"],"_links":{"self":[{"href":"https:\/\/archive.sana.sy\/es\/index.php?rest_route=\/wp\/v2\/posts\/293013"}],"collection":[{"href":"https:\/\/archive.sana.sy\/es\/index.php?rest_route=\/wp\/v2\/posts"}],"about":[{"href":"https:\/\/archive.sana.sy\/es\/index.php?rest_route=\/wp\/v2\/types\/post"}],"author":[{"embeddable":true,"href":"https:\/\/archive.sana.sy\/es\/index.php?rest_route=\/wp\/v2\/users\/34"}],"replies":[{"embeddable":true,"href":"https:\/\/archive.sana.sy\/es\/index.php?rest_route=%2Fwp%2Fv2%2Fcomments&post=293013"}],"version-history":[{"count":1,"href":"https:\/\/archive.sana.sy\/es\/index.php?rest_route=\/wp\/v2\/posts\/293013\/revisions"}],"predecessor-version":[{"id":293015,"href":"https:\/\/archive.sana.sy\/es\/index.php?rest_route=\/wp\/v2\/posts\/293013\/revisions\/293015"}],"wp:featuredmedia":[{"embeddable":true,"href":"https:\/\/archive.sana.sy\/es\/index.php?rest_route=\/wp\/v2\/media\/293014"}],"wp:attachment":[{"href":"https:\/\/archive.sana.sy\/es\/index.php?rest_route=%2Fwp%2Fv2%2Fmedia&parent=293013"}],"wp:term":[{"taxonomy":"category","embeddable":true,"href":"https:\/\/archive.sana.sy\/es\/index.php?rest_route=%2Fwp%2Fv2%2Fcategories&post=293013"},{"taxonomy":"post_tag","embeddable":true,"href":"https:\/\/archive.sana.sy\/es\/index.php?rest_route=%2Fwp%2Fv2%2Ftags&post=293013"}],"curies":[{"name":"wp","href":"https:\/\/api.w.org\/{rel}","templated":true}]}}