{"id":293016,"date":"2023-04-04T06:38:25","date_gmt":"2023-04-04T03:38:25","guid":{"rendered":"http:\/\/sana.sy\/es\/?p=293016"},"modified":"2023-04-04T06:38:25","modified_gmt":"2023-04-04T03:38:25","slug":"consejo-de-derechos-humanos-adopta-resolucion-a-favor-de-palestina","status":"publish","type":"post","link":"https:\/\/archive.sana.sy\/es\/?p=293016","title":{"rendered":"Consejo de Derechos Humanos adopta resoluci\u00f3n a favor de Palestina"},"content":{"rendered":"<blockquote>\n<p style=\"text-align: justify;\"><span style=\"color: #993300;\">La Agencia Palestina Wafa afirm\u00f3 que 38 pa\u00edses votaron a favor de la resoluci\u00f3n y dos pa\u00edses en contra (Malawi y Estados Unidos), mientras siete pa\u00edses se abstuvieron de votar.<\/span><\/p>\n<\/blockquote>\n<p style=\"text-align: justify;\"><span style=\"color: #800000;\"><strong>Ginebra, 4 abr (SANA)\u00a0<\/strong> <\/span>El Consejo de Derechos Humanos de las Naciones Unidas adopt\u00f3 durante su 52\u00ba per\u00edodo ordinario de sesiones, una resoluci\u00f3n en favor de favor de Palestina.<\/p>\n<p style=\"text-align: justify;\">La resoluci\u00f3n fue aprobada en virtud de la segunda cl\u00e1usula de la agencia del Consejo sobre la situaci\u00f3n de los derechos humanos en el territorio palestino ocupado, incluida la ciudad de Jerusal\u00e9n, y la necesidad de garantizar justicia y rendici\u00f3n de cuentas.<\/p>\n<p style=\"text-align: justify;\">La Agencia Palestina Wafa afirm\u00f3 que 38 pa\u00edses votaron a favor de la resoluci\u00f3n y dos pa\u00edses en contra (Malawi y Estados Unidos), mientras siete pa\u00edses se abstuvieron de votar.<\/p>\n<p style=\"text-align: justify;\">El Ministerio de Relaciones Exteriores de Palestina afirm\u00f3 que el consenso internacional y el voto positivo sobre las decisiones relacionadas con Palestina en este momento es una forma de rechazo a las pr\u00e1cticas y cr\u00edmenes cometidos por las fuerzas de ocupaci\u00f3n y los colonos contra el pueblo palestino.<\/p>\n<p style=\"text-align: justify;\">Hizo un llamado a la comunidad internacional y sus instituciones para que las autoridades de ocupaci\u00f3n y los criminales de guerra israel\u00edes rindan cuentas.<\/p>\n<p style=\"text-align: justify;\">Indic\u00f3 que la pol\u00edtica de doble rasero y la selectividad en la implementaci\u00f3n de las normas del derecho internacional socavar\u00e1 el derecho internacional.<\/p>\n<p style=\"text-align: justify;\">fm<\/p>\n<p style=\"text-align: justify;\">\n","protected":false},"excerpt":{"rendered":"<p>La Agencia Palestina Wafa afirm\u00f3 que 38 pa\u00edses votaron a favor de la resoluci\u00f3n y dos pa\u00edses en contra (Malawi y Estados Unidos), mientras siete pa\u00edses se abstuvieron de votar. Ginebra, 4 abr (SANA)\u00a0 El Consejo de Derechos Humanos de las Naciones Unidas adopt\u00f3 durante su 52\u00ba per\u00edodo ordinario de sesiones, una resoluci\u00f3n en favor &hellip;<\/p>\n","protected":false},"author":34,"featured_media":293017,"comment_status":"closed","ping_status":"closed","sticky":false,"template":"","format":"standard","meta":{"footnotes":""},"categories":[597,456,20724,7541],"tags":[],"class_list":["post-293016","post","type-post","status-publish","format-standard","has-post-thumbnail","","category-cinta-de-noticias","category-arabe-internacional-politica","category-minuto-a-minuto","category-ultimas-noticias"],"_links":{"self":[{"href":"https:\/\/archive.sana.sy\/es\/index.php?rest_route=\/wp\/v2\/posts\/293016"}],"collection":[{"href":"https:\/\/archive.sana.sy\/es\/index.php?rest_route=\/wp\/v2\/posts"}],"about":[{"href":"https:\/\/archive.sana.sy\/es\/index.php?rest_route=\/wp\/v2\/types\/post"}],"author":[{"embeddable":true,"href":"https:\/\/archive.sana.sy\/es\/index.php?rest_route=\/wp\/v2\/users\/34"}],"replies":[{"embeddable":true,"href":"https:\/\/archive.sana.sy\/es\/index.php?rest_route=%2Fwp%2Fv2%2Fcomments&post=293016"}],"version-history":[{"count":1,"href":"https:\/\/archive.sana.sy\/es\/index.php?rest_route=\/wp\/v2\/posts\/293016\/revisions"}],"predecessor-version":[{"id":293018,"href":"https:\/\/archive.sana.sy\/es\/index.php?rest_route=\/wp\/v2\/posts\/293016\/revisions\/293018"}],"wp:featuredmedia":[{"embeddable":true,"href":"https:\/\/archive.sana.sy\/es\/index.php?rest_route=\/wp\/v2\/media\/293017"}],"wp:attachment":[{"href":"https:\/\/archive.sana.sy\/es\/index.php?rest_route=%2Fwp%2Fv2%2Fmedia&parent=293016"}],"wp:term":[{"taxonomy":"category","embeddable":true,"href":"https:\/\/archive.sana.sy\/es\/index.php?rest_route=%2Fwp%2Fv2%2Fcategories&post=293016"},{"taxonomy":"post_tag","embeddable":true,"href":"https:\/\/archive.sana.sy\/es\/index.php?rest_route=%2Fwp%2Fv2%2Ftags&post=293016"}],"curies":[{"name":"wp","href":"https:\/\/api.w.org\/{rel}","templated":true}]}}