{"id":293021,"date":"2023-04-04T10:35:05","date_gmt":"2023-04-04T07:35:05","guid":{"rendered":"http:\/\/sana.sy\/es\/?p=293021"},"modified":"2023-04-04T15:05:41","modified_gmt":"2023-04-04T12:05:41","slug":"inicia-reunion-de-vicecancilleres-de-siria-rusia-iran-y-turquia","status":"publish","type":"post","link":"https:\/\/archive.sana.sy\/es\/?p=293021","title":{"rendered":"Inicia reuni\u00f3n de vicecancilleres de Siria, Rusia, Ir\u00e1n y Turqu\u00eda"},"content":{"rendered":"<p style=\"text-align: justify;\"><span style=\"color: #800000;\"><strong>Mosc\u00fa, 4 abr (SANA)<\/strong><\/span> Inici\u00f3 hoy en Mosc\u00fa, la capital rusa, la reuni\u00f3n cuadrilateral entre los viceministros de Exteriores de Siria, Rusia, Ir\u00e1n y Turqu\u00eda.<\/p>\n<p style=\"text-align: justify;\">De acuerdo a reportes del corresponsal de SANA, la delegaci\u00f3n siria har\u00e1 \u00e9nfasis en la necesidad de poner fin a la presencia ilegal turca en territorio sirio, la no injerencia en los asuntos internos sirios y la luchar contra el terrorismo en todas sus formas.<\/p>\n<p style=\"text-align: justify;\">La v\u00edspera, el viceministro sirio de Asuntos Exteriores y Expatriados, Ayman Sousan, mantuvo una reuni\u00f3n en la sede de la canciller\u00eda rusa en Mosc\u00fa, con Mikhail Bogd\u00e1nov, el representante especial del Presidente Ruso y viceministro de Relaciones Exteriores.<img loading=\"lazy\" decoding=\"async\" class=\"size-full wp-image-293029 alignright\" src=\"http:\/\/sana.sy\/es\/wp-content\/uploads\/2023\/04\/14-1-300x193-3.jpg\" alt=\"\" width=\"300\" height=\"193\" srcset=\"https:\/\/archive.sana.sy\/es\/wp-content\/uploads\/2023\/04\/14-1-300x193-3.jpg 300w, https:\/\/archive.sana.sy\/es\/wp-content\/uploads\/2023\/04\/14-1-300x193-3-150x97.jpg 150w\" sizes=\"(max-width: 300px) 100vw, 300px\" \/><\/p>\n<p style=\"text-align: justify;\">Durante la reuni\u00f3n, se llevaron a cabo consultas y coordinaci\u00f3n entre las dos partes con respecto a la reuni\u00f3n que se realizar\u00e1 este martes entre los vicecancilleres de Turqu\u00eda, Rusia, Ir\u00e1n y Siria.<\/p>\n<p style=\"text-align: justify;\">El vicecanciller sirio se reuni\u00f3 tambi\u00e9n con Ali Asghar Khaji, asistente principal del Ministro de Relaciones Exteriores de Ir\u00e1n para Asuntos Pol\u00edticos Especiales.<\/p>\n<p style=\"text-align: justify;\">Los puntos de vista fueron id\u00e9nticos sobre enfatizar el respeto por la soberan\u00eda, la unidad y la integridad territorial de Siria, y poner fin a la presencia ilegal turca en territorio sirio.<\/p>\n<p>&nbsp;<\/p>\n<p style=\"text-align: justify;\"><strong>Nota en desarrollo..<\/strong><\/p>\n<p style=\"text-align: justify;\">fm\/as<\/p>\n","protected":false},"excerpt":{"rendered":"<p>Mosc\u00fa, 4 abr (SANA) Inici\u00f3 hoy en Mosc\u00fa, la capital rusa, la reuni\u00f3n cuadrilateral entre los viceministros de Exteriores de Siria, Rusia, Ir\u00e1n y Turqu\u00eda. De acuerdo a reportes del corresponsal de SANA, la delegaci\u00f3n siria har\u00e1 \u00e9nfasis en la necesidad de poner fin a la presencia ilegal turca en territorio sirio, la no injerencia &hellip;<\/p>\n","protected":false},"author":42,"featured_media":293025,"comment_status":"closed","ping_status":"closed","sticky":false,"template":"","format":"standard","meta":{"footnotes":""},"categories":[597,20724],"tags":[],"class_list":["post-293021","post","type-post","status-publish","format-standard","has-post-thumbnail","","category-cinta-de-noticias","category-minuto-a-minuto"],"_links":{"self":[{"href":"https:\/\/archive.sana.sy\/es\/index.php?rest_route=\/wp\/v2\/posts\/293021"}],"collection":[{"href":"https:\/\/archive.sana.sy\/es\/index.php?rest_route=\/wp\/v2\/posts"}],"about":[{"href":"https:\/\/archive.sana.sy\/es\/index.php?rest_route=\/wp\/v2\/types\/post"}],"author":[{"embeddable":true,"href":"https:\/\/archive.sana.sy\/es\/index.php?rest_route=\/wp\/v2\/users\/42"}],"replies":[{"embeddable":true,"href":"https:\/\/archive.sana.sy\/es\/index.php?rest_route=%2Fwp%2Fv2%2Fcomments&post=293021"}],"version-history":[{"count":3,"href":"https:\/\/archive.sana.sy\/es\/index.php?rest_route=\/wp\/v2\/posts\/293021\/revisions"}],"predecessor-version":[{"id":293030,"href":"https:\/\/archive.sana.sy\/es\/index.php?rest_route=\/wp\/v2\/posts\/293021\/revisions\/293030"}],"wp:featuredmedia":[{"embeddable":true,"href":"https:\/\/archive.sana.sy\/es\/index.php?rest_route=\/wp\/v2\/media\/293025"}],"wp:attachment":[{"href":"https:\/\/archive.sana.sy\/es\/index.php?rest_route=%2Fwp%2Fv2%2Fmedia&parent=293021"}],"wp:term":[{"taxonomy":"category","embeddable":true,"href":"https:\/\/archive.sana.sy\/es\/index.php?rest_route=%2Fwp%2Fv2%2Fcategories&post=293021"},{"taxonomy":"post_tag","embeddable":true,"href":"https:\/\/archive.sana.sy\/es\/index.php?rest_route=%2Fwp%2Fv2%2Ftags&post=293021"}],"curies":[{"name":"wp","href":"https:\/\/api.w.org\/{rel}","templated":true}]}}