{"id":29304,"date":"2015-09-01T16:16:42","date_gmt":"2015-09-01T13:16:42","guid":{"rendered":"http:\/\/sana.sy\/es\/?p=29304"},"modified":"2015-09-01T18:01:05","modified_gmt":"2015-09-01T15:01:05","slug":"naciones-unidas-el-templo-bel-tiene-un-valor-incalculable-para-el-patrimonio-de-la-humanidad","status":"publish","type":"post","link":"https:\/\/archive.sana.sy\/es\/?p=29304","title":{"rendered":"Naciones Unidas: el templo Bel tiene un valor incalculable para el Patrimonio de la Humanidad"},"content":{"rendered":"<p><span style=\"color: #800000\">Ginebra, SANA<\/span><\/p>\n<p>El portavoz de la ONU, Stephane Dujarric, conden\u00f3 la destrucci\u00f3n por parte de la organizaci\u00f3n terrorista del Estado Isl\u00e1mico al templo Bel en la antigua ciudad de Palmira, y que se remonta al a\u00f1o 32 dC.<\/p>\n<p>La agencia AFP cit\u00f3 a Dujarric declarando que &#8220;esta destrucci\u00f3n es injustificable para un sitio de gran valor para el patrimonio mundial com\u00fan.&#8221;<\/p>\n<p>Por su parte, el Instituto de las Naciones Unidas para Formaci\u00f3n Profesional e Investigaciones (UNITAR) confirm\u00f3 la destrucci\u00f3n del templo de acuerdo a las im\u00e1genes tomadas por los sat\u00e9lites.<\/p>\n<p>El Instituto se\u00f1al\u00f3 que las im\u00e1genes del 27 de agosto muestran al templo, que es una edificaci\u00f3n rectangular rodeada de columnas, mientras que las im\u00e1genes del pasado lunes muestran algunas de las columnas ubicadas en el borde del edificio destruido.<\/p>\n<p><span style=\"color: #0000ff\">UNESCO tacha de crimen intolerable la destrucci\u00f3n del templo de Bel<\/span><\/p>\n<p>De igual manera, la\u00a0Organizaci\u00f3n de\u00a0las Naciones Unidas para la Educaci\u00f3n, la Ciencia y la Cultura\u00a0\u00a0(UNESCO) tach\u00f3 de \u201cun intolerable crimen contra el patrimonio de la humanidad\u201d la destrucci\u00f3n del templo bel a manos de la organizaci\u00f3n terrorista del EI.<\/p>\n<p><strong>\u00a0<\/strong>&#8220;Este crimen nunca\u00a0borrar\u00e1 \u00a04.500 a\u00f1os de historia&#8221;, declar\u00f3 la Directora General de la UNESCO, Irina Bokova.<\/p>\n<p>Bokova a\u00f1adi\u00f3 que &#8220;es esencial explicar la historia y el significado de los templos de Palmira\u201d.<\/p>\n<p>Asimismo enfatiz\u00f3 que todo quien vio Palmira seguir\u00e1 recordando para siempre la ciudad que encarna la dignidad de todo el pueblo sirio y las m\u00e1s sublimes aspiraciones de la humanidad\u201d.<\/p>\n<p>&#8220;Cada uno de estos ataques nos invita cada vez m\u00e1s a compartir el patrimonio de la humanidad, ya sea en las museos, escuelas, medios de comunicaci\u00f3n y nuestros hogares\u201d, a\u00f1adi\u00f3.<\/p>\n<p>La UNESCO reiter\u00f3 su determinaci\u00f3n de seguir protegiendo todo lo que se puede salvaguardar, y de continuar la lucha implacable contra el tr\u00e1fico il\u00edcito de bienes culturales, la documentaci\u00f3n de los sitios, y la creaci\u00f3n de redes que enlazan miles de expertos en Siria y todo el mundo, para transmitir esta herencia a las generaciones futuras, acot\u00f3.<\/p>\n<p>&nbsp;<\/p>\n<p>&nbsp;<\/p>\n<p><span style=\"color: #00ccff\">Fady M., Hala B., Lynn A.<\/span><\/p>\n","protected":false},"excerpt":{"rendered":"<p>Ginebra, SANA El portavoz de la ONU, Stephane Dujarric, conden\u00f3 la destrucci\u00f3n por parte de la organizaci\u00f3n terrorista del Estado Isl\u00e1mico al templo Bel en la antigua ciudad de Palmira, y que se remonta al a\u00f1o 32 dC. La agencia AFP cit\u00f3 a Dujarric declarando que &#8220;esta destrucci\u00f3n es injustificable para un sitio de gran &hellip;<\/p>\n","protected":false},"author":1,"featured_media":29305,"comment_status":"closed","ping_status":"closed","sticky":false,"template":"","format":"standard","meta":{"footnotes":""},"categories":[456,457,576],"tags":[6474],"class_list":["post-29304","post","type-post","status-publish","format-standard","has-post-thumbnail","","category-arabe-internacional-politica","category-noticias-arabe-internacional-politica","category-noticias-politicas","tag-naciones-unidas-el-templo-bel-tiene-un-valor-incalculable-para-el-patrimonio-de-la-humanidad"],"_links":{"self":[{"href":"https:\/\/archive.sana.sy\/es\/index.php?rest_route=\/wp\/v2\/posts\/29304"}],"collection":[{"href":"https:\/\/archive.sana.sy\/es\/index.php?rest_route=\/wp\/v2\/posts"}],"about":[{"href":"https:\/\/archive.sana.sy\/es\/index.php?rest_route=\/wp\/v2\/types\/post"}],"author":[{"embeddable":true,"href":"https:\/\/archive.sana.sy\/es\/index.php?rest_route=\/wp\/v2\/users\/1"}],"replies":[{"embeddable":true,"href":"https:\/\/archive.sana.sy\/es\/index.php?rest_route=%2Fwp%2Fv2%2Fcomments&post=29304"}],"version-history":[{"count":0,"href":"https:\/\/archive.sana.sy\/es\/index.php?rest_route=\/wp\/v2\/posts\/29304\/revisions"}],"wp:featuredmedia":[{"embeddable":true,"href":"https:\/\/archive.sana.sy\/es\/index.php?rest_route=\/wp\/v2\/media\/29305"}],"wp:attachment":[{"href":"https:\/\/archive.sana.sy\/es\/index.php?rest_route=%2Fwp%2Fv2%2Fmedia&parent=29304"}],"wp:term":[{"taxonomy":"category","embeddable":true,"href":"https:\/\/archive.sana.sy\/es\/index.php?rest_route=%2Fwp%2Fv2%2Fcategories&post=29304"},{"taxonomy":"post_tag","embeddable":true,"href":"https:\/\/archive.sana.sy\/es\/index.php?rest_route=%2Fwp%2Fv2%2Ftags&post=29304"}],"curies":[{"name":"wp","href":"https:\/\/api.w.org\/{rel}","templated":true}]}}