{"id":293041,"date":"2023-04-04T13:55:53","date_gmt":"2023-04-04T10:55:53","guid":{"rendered":"http:\/\/sana.sy\/es\/?p=293041"},"modified":"2023-04-04T17:17:46","modified_gmt":"2023-04-04T14:17:46","slug":"lavrov-rusia-ya-considera-la-ue-como-entidad-inamistosa","status":"publish","type":"post","link":"https:\/\/archive.sana.sy\/es\/?p=293041","title":{"rendered":"Rusia ya considera la UE como entidad inamistosa, critica Lavrov"},"content":{"rendered":"<blockquote>\n<p style=\"text-align: justify\"><span style=\"color: #993300\">\u201cSuministran armas y municiones al r\u00e9gimen criminal de Kiev y env\u00edan entrenadores y mercenarios a Ucrania. Por estas razones, vemos a la Uni\u00f3n Europea como una \u201centidad inamistosa\u201d.<\/span><\/p>\n<\/blockquote>\n<p style=\"text-align: justify\"><span style=\"color: #800000\"><strong>Moscu, 04 abr (SANA)\u00a0<\/strong><\/span> El canciller ruso, Sergey Lavrov, denunci\u00f3 la pol\u00edtica hostil de la Uni\u00f3n Europea hacia Rusia y sus intentos de infligir una derrota estrat\u00e9gica.<\/p>\n<p style=\"text-align: justify\">\u201cLa Uni\u00f3n Europea ha perdido a Rusia y esto es su culpa, porque los estados miembros de la Uni\u00f3n y sus l\u00edderes declaran abiertamente la necesidad de infligir una derrota estrat\u00e9gica a Rusia\u201d, declar\u00f3 Lavrov al peri\u00f3dico ruso \u201cArgomenti e Facti\u201d.<\/p>\n<p style=\"text-align: justify\">Seg\u00fan afirm\u00f3 el jefe de la diplomacia: \u201csuministran armas y municiones al r\u00e9gimen criminal de Kiev y env\u00edan entrenadores y mercenarios a Ucrania. Por estas razones, vemos a la Uni\u00f3n Europea como una \u201centidad inamistosa\u201d.<\/p>\n<p style=\"text-align: justify\">Asegur\u00f3 que Mosc\u00fa reconsiderar\u00e1 las propuestas de la UE \u201csi los europeos en alg\u00fan momento abandonan su enfoque antirruso y optan por un di\u00e1logo de respeto mutuo con Rusia.<\/p>\n<p style=\"text-align: justify\">No obstante, a\u00f1adi\u00f3 que las autoridades rusas \u201cactuar\u00e1n con dureza si es necesario\u201d, en \u201crespuesta a medidas hostiles&#8221;.<\/p>\n<p>ed\/fm<\/p>\n","protected":false},"excerpt":{"rendered":"<p>\u201cSuministran armas y municiones al r\u00e9gimen criminal de Kiev y env\u00edan entrenadores y mercenarios a Ucrania. Por estas razones, vemos a la Uni\u00f3n Europea como una \u201centidad inamistosa\u201d. Moscu, 04 abr (SANA)\u00a0 El canciller ruso, Sergey Lavrov, denunci\u00f3 la pol\u00edtica hostil de la Uni\u00f3n Europea hacia Rusia y sus intentos de infligir una derrota estrat\u00e9gica. &hellip;<\/p>\n","protected":false},"author":32,"featured_media":293042,"comment_status":"closed","ping_status":"closed","sticky":false,"template":"","format":"standard","meta":{"footnotes":""},"categories":[597,456,16687],"tags":[],"class_list":["post-293041","post","type-post","status-publish","format-standard","has-post-thumbnail","","category-cinta-de-noticias","category-arabe-internacional-politica","category-internacionales"],"_links":{"self":[{"href":"https:\/\/archive.sana.sy\/es\/index.php?rest_route=\/wp\/v2\/posts\/293041"}],"collection":[{"href":"https:\/\/archive.sana.sy\/es\/index.php?rest_route=\/wp\/v2\/posts"}],"about":[{"href":"https:\/\/archive.sana.sy\/es\/index.php?rest_route=\/wp\/v2\/types\/post"}],"author":[{"embeddable":true,"href":"https:\/\/archive.sana.sy\/es\/index.php?rest_route=\/wp\/v2\/users\/32"}],"replies":[{"embeddable":true,"href":"https:\/\/archive.sana.sy\/es\/index.php?rest_route=%2Fwp%2Fv2%2Fcomments&post=293041"}],"version-history":[{"count":5,"href":"https:\/\/archive.sana.sy\/es\/index.php?rest_route=\/wp\/v2\/posts\/293041\/revisions"}],"predecessor-version":[{"id":293064,"href":"https:\/\/archive.sana.sy\/es\/index.php?rest_route=\/wp\/v2\/posts\/293041\/revisions\/293064"}],"wp:featuredmedia":[{"embeddable":true,"href":"https:\/\/archive.sana.sy\/es\/index.php?rest_route=\/wp\/v2\/media\/293042"}],"wp:attachment":[{"href":"https:\/\/archive.sana.sy\/es\/index.php?rest_route=%2Fwp%2Fv2%2Fmedia&parent=293041"}],"wp:term":[{"taxonomy":"category","embeddable":true,"href":"https:\/\/archive.sana.sy\/es\/index.php?rest_route=%2Fwp%2Fv2%2Fcategories&post=293041"},{"taxonomy":"post_tag","embeddable":true,"href":"https:\/\/archive.sana.sy\/es\/index.php?rest_route=%2Fwp%2Fv2%2Ftags&post=293041"}],"curies":[{"name":"wp","href":"https:\/\/api.w.org\/{rel}","templated":true}]}}