{"id":293065,"date":"2023-04-04T17:29:59","date_gmt":"2023-04-04T14:29:59","guid":{"rendered":"http:\/\/sana.sy\/es\/?p=293065"},"modified":"2023-04-04T17:29:59","modified_gmt":"2023-04-04T14:29:59","slug":"rusia-tomara-medidas-tras-la-adhesion-de-finlandia-a-la-otan","status":"publish","type":"post","link":"https:\/\/archive.sana.sy\/es\/?p=293065","title":{"rendered":"Rusia tomar\u00e1 medidas tras la adhesi\u00f3n de Finlandia a la OTAN"},"content":{"rendered":"<blockquote>\n<p style=\"text-align: justify\"><span style=\"color: #993300\">&#8220;Al pasar a formar parte de la OTAN, Finlandia &#8220;ha abandonado definitivamente su identidad propia y cualquier autonom\u00eda, algo que la ha distinguido en los asuntos internacionales durante d\u00e9cadas&#8221;<\/span><\/p>\n<\/blockquote>\n<p style=\"text-align: justify\"><span style=\"color: #800000\"><strong>Mosc\u00fa, 04 abr (SANA)<\/strong><\/span> El Ministerio de Asuntos Exteriores ruso afirm\u00f3 hoy por medio de un comunicado oficial que Mosc\u00fa se ver\u00e1 obligado a tomar medidas de respuesta tanto t\u00e9cnico-militares para hacer frente a las amenazas a la seguridad nacional tras la adhesi\u00f3n de Finlandia a la OTAN.<\/p>\n<p style=\"text-align: justify\">Mosc\u00fa dar\u00e1 &#8220;pasos concretos&#8221; en la construcci\u00f3n de defensa en las fronteras del noroeste de Rusia. Su car\u00e1cter &#8220;depender\u00e1 de las condiciones espec\u00edficas para la integraci\u00f3n de este pa\u00eds en la Alianza del Atl\u00e1ntico Norte&#8221;, afirm\u00f3 Canciller\u00eda citada por RT.<\/p>\n<p style=\"text-align: justify\">De acuerdo con el organismo, al pasar a formar parte de la OTAN, Finlandia &#8220;ha abandonado definitivamente su identidad propia y cualquier autonom\u00eda, algo que la ha distinguido en los asuntos internacionales durante d\u00e9cadas&#8221;.<\/p>\n<p style=\"text-align: justify\">Ahora, Helsinki se ha convertido en uno de los peque\u00f1os pa\u00edses miembros de la Alianza, sin un papel decisivo y &#8220;habiendo perdido su voz especial en los asuntos internacionales&#8221;.<\/p>\n<p style=\"text-align: justify\">\n<p style=\"text-align: justify\">fm\/la<\/p>\n","protected":false},"excerpt":{"rendered":"<p>&#8220;Al pasar a formar parte de la OTAN, Finlandia &#8220;ha abandonado definitivamente su identidad propia y cualquier autonom\u00eda, algo que la ha distinguido en los asuntos internacionales durante d\u00e9cadas&#8221; Mosc\u00fa, 04 abr (SANA) El Ministerio de Asuntos Exteriores ruso afirm\u00f3 hoy por medio de un comunicado oficial que Mosc\u00fa se ver\u00e1 obligado a tomar medidas &hellip;<\/p>\n","protected":false},"author":24,"featured_media":293066,"comment_status":"closed","ping_status":"closed","sticky":false,"template":"","format":"standard","meta":{"footnotes":""},"categories":[597,456,16687,20724,7541],"tags":[],"class_list":["post-293065","post","type-post","status-publish","format-standard","has-post-thumbnail","","category-cinta-de-noticias","category-arabe-internacional-politica","category-internacionales","category-minuto-a-minuto","category-ultimas-noticias"],"_links":{"self":[{"href":"https:\/\/archive.sana.sy\/es\/index.php?rest_route=\/wp\/v2\/posts\/293065"}],"collection":[{"href":"https:\/\/archive.sana.sy\/es\/index.php?rest_route=\/wp\/v2\/posts"}],"about":[{"href":"https:\/\/archive.sana.sy\/es\/index.php?rest_route=\/wp\/v2\/types\/post"}],"author":[{"embeddable":true,"href":"https:\/\/archive.sana.sy\/es\/index.php?rest_route=\/wp\/v2\/users\/24"}],"replies":[{"embeddable":true,"href":"https:\/\/archive.sana.sy\/es\/index.php?rest_route=%2Fwp%2Fv2%2Fcomments&post=293065"}],"version-history":[{"count":1,"href":"https:\/\/archive.sana.sy\/es\/index.php?rest_route=\/wp\/v2\/posts\/293065\/revisions"}],"predecessor-version":[{"id":293067,"href":"https:\/\/archive.sana.sy\/es\/index.php?rest_route=\/wp\/v2\/posts\/293065\/revisions\/293067"}],"wp:featuredmedia":[{"embeddable":true,"href":"https:\/\/archive.sana.sy\/es\/index.php?rest_route=\/wp\/v2\/media\/293066"}],"wp:attachment":[{"href":"https:\/\/archive.sana.sy\/es\/index.php?rest_route=%2Fwp%2Fv2%2Fmedia&parent=293065"}],"wp:term":[{"taxonomy":"category","embeddable":true,"href":"https:\/\/archive.sana.sy\/es\/index.php?rest_route=%2Fwp%2Fv2%2Fcategories&post=293065"},{"taxonomy":"post_tag","embeddable":true,"href":"https:\/\/archive.sana.sy\/es\/index.php?rest_route=%2Fwp%2Fv2%2Ftags&post=293065"}],"curies":[{"name":"wp","href":"https:\/\/api.w.org\/{rel}","templated":true}]}}