{"id":293077,"date":"2023-04-04T19:10:08","date_gmt":"2023-04-04T16:10:08","guid":{"rendered":"http:\/\/sana.sy\/es\/?p=293077"},"modified":"2023-04-04T20:35:57","modified_gmt":"2023-04-04T17:35:57","slug":"cancilleria-rusa-los-participantes-en-la-reunion-cuadrilateral-acordaron-continuar-la-comunicacion","status":"publish","type":"post","link":"https:\/\/archive.sana.sy\/es\/?p=293077","title":{"rendered":"Canciller\u00eda rusa: Los participantes en la reuni\u00f3n cuadrilateral acordaron continuar la comunicaci\u00f3n"},"content":{"rendered":"<p style=\"text-align: justify\"><span style=\"color: #800000\"><strong>Mosc\u00fa, 04 abr (SANA)<\/strong><\/span> El Ministerio de Relaciones Exteriores de Rusia anunci\u00f3 que los vicecancilleres de Rusia, Ir\u00e1n, Siria y Turqu\u00eda acordaron mantener contactos durante la reuni\u00f3n que sesionaron este martes en Mosc\u00fa.<\/p>\n<p style=\"text-align: justify\">\u201cLos d\u00edas 3 y 4 de abril se llevaron a cabo consultas cuatripartitas en Mosc\u00fa a nivel de viceministros de Relaciones Exteriores de Rusia, Ir\u00e1n, Siria y Turqu\u00eda\u201d, destac\u00f3 la Canciller\u00eda rusa en un comunicado emitido esta tarde.<\/p>\n<p style=\"text-align: justify\">Destac\u00f3 que los participantes expresaron sus posiciones de manera directa y franca y acordaron continuar la comunicaci\u00f3n.<\/p>\n<p style=\"text-align: justify\">la<\/p>\n","protected":false},"excerpt":{"rendered":"<p>Mosc\u00fa, 04 abr (SANA) El Ministerio de Relaciones Exteriores de Rusia anunci\u00f3 que los vicecancilleres de Rusia, Ir\u00e1n, Siria y Turqu\u00eda acordaron mantener contactos durante la reuni\u00f3n que sesionaron este martes en Mosc\u00fa. \u201cLos d\u00edas 3 y 4 de abril se llevaron a cabo consultas cuatripartitas en Mosc\u00fa a nivel de viceministros de Relaciones Exteriores &hellip;<\/p>\n","protected":false},"author":24,"featured_media":293078,"comment_status":"closed","ping_status":"closed","sticky":false,"template":"","format":"standard","meta":{"footnotes":""},"categories":[447,597,20724,448,467,7541],"tags":[2866,6695,6553,7512,21934],"class_list":["post-293077","post","type-post","status-publish","format-standard","has-post-thumbnail","","category-local-politica","category-cinta-de-noticias","category-minuto-a-minuto","category-noticias","category-siria-y-el-mundo","category-ultimas-noticias","tag-iran","tag-rusia","tag-siria","tag-turquia","tag-vicecancilleres"],"_links":{"self":[{"href":"https:\/\/archive.sana.sy\/es\/index.php?rest_route=\/wp\/v2\/posts\/293077"}],"collection":[{"href":"https:\/\/archive.sana.sy\/es\/index.php?rest_route=\/wp\/v2\/posts"}],"about":[{"href":"https:\/\/archive.sana.sy\/es\/index.php?rest_route=\/wp\/v2\/types\/post"}],"author":[{"embeddable":true,"href":"https:\/\/archive.sana.sy\/es\/index.php?rest_route=\/wp\/v2\/users\/24"}],"replies":[{"embeddable":true,"href":"https:\/\/archive.sana.sy\/es\/index.php?rest_route=%2Fwp%2Fv2%2Fcomments&post=293077"}],"version-history":[{"count":2,"href":"https:\/\/archive.sana.sy\/es\/index.php?rest_route=\/wp\/v2\/posts\/293077\/revisions"}],"predecessor-version":[{"id":293086,"href":"https:\/\/archive.sana.sy\/es\/index.php?rest_route=\/wp\/v2\/posts\/293077\/revisions\/293086"}],"wp:featuredmedia":[{"embeddable":true,"href":"https:\/\/archive.sana.sy\/es\/index.php?rest_route=\/wp\/v2\/media\/293078"}],"wp:attachment":[{"href":"https:\/\/archive.sana.sy\/es\/index.php?rest_route=%2Fwp%2Fv2%2Fmedia&parent=293077"}],"wp:term":[{"taxonomy":"category","embeddable":true,"href":"https:\/\/archive.sana.sy\/es\/index.php?rest_route=%2Fwp%2Fv2%2Fcategories&post=293077"},{"taxonomy":"post_tag","embeddable":true,"href":"https:\/\/archive.sana.sy\/es\/index.php?rest_route=%2Fwp%2Fv2%2Ftags&post=293077"}],"curies":[{"name":"wp","href":"https:\/\/api.w.org\/{rel}","templated":true}]}}