{"id":293080,"date":"2023-04-04T19:51:54","date_gmt":"2023-04-04T16:51:54","guid":{"rendered":"http:\/\/sana.sy\/es\/?p=293080"},"modified":"2023-04-04T20:36:10","modified_gmt":"2023-04-04T17:36:10","slug":"consejo-de-derechos-humanos-exige-a-israel-detener-sus-violaciones-en-el-golan-sirio-y-palestina-ocupados","status":"publish","type":"post","link":"https:\/\/archive.sana.sy\/es\/?p=293080","title":{"rendered":"Consejo de Derechos Humanos exige a \u201cIsrael\u201d detener sus violaciones en el Gol\u00e1n sirio y Palestina ocupados"},"content":{"rendered":"<p style=\"text-align: justify\"><span style=\"color: #800000\"><strong>Ginebra, 04 abr (SANA)<\/strong><\/span> El Consejo de Derechos Humanos en Ginebra aprob\u00f3 por mayor\u00eda dos proyectos de resoluci\u00f3n en los que exigi\u00f3 a la entidad ocupante \u201cIsrael\u201d detener sus violaciones sistem\u00e1ticas contra la poblaci\u00f3n en el Gol\u00e1n sirio y Palestina ocupados.<\/p>\n<p style=\"text-align: justify\">En una intervenci\u00f3n que hizo poco antes de la votaci\u00f3n de los dos proyectos de resoluci\u00f3n, el embajador de Siria ante la Oficina de las Naciones Unidas y otras organizaciones internacionales en Ginebra, Haider Ali Ahmed, fustig\u00f3 que las repetidas agresiones terroristas israel\u00edes contra Siria no son m\u00e1s que una continuaci\u00f3n del enfoque criminal del ente israel\u00ed hacia los pueblos y pa\u00edses de la regi\u00f3n.<\/p>\n<p style=\"text-align: justify\">Enfatiz\u00f3 que estas pr\u00e1cticas barb\u00e1ricas no lograr\u00e1n impedir la lucha de Siria para recuperar cada \u00e1pice del Gol\u00e1n sirio ocupado.<\/p>\n<p style=\"text-align: justify\">Se\u00f1al\u00f3 que todas las medidas israel\u00edes, incluida la llamada decisi\u00f3n de anexar los Altos del Gol\u00e1n, \u201cson nulas y sin efecto legal\u201d, seg\u00fan las resoluciones pertinentes de las Naciones Unidas, especialmente la resoluci\u00f3n del Consejo de Seguridad No. 497 para el a\u00f1o 1981.<\/p>\n<p style=\"text-align: justify\">Agradeci\u00f3 en nombre de Siria a la delegaci\u00f3n paquistan\u00ed por haber presentado los dos proyectos de resoluci\u00f3n ante el Consejo.<\/p>\n<p style=\"text-align: justify\">Denunci\u00f3 las violaciones y pr\u00e1cticas discriminatorias y racistas que ejerce el ocupante contra los derechos b\u00e1sicos del pueblo del Gol\u00e1n, entre las cuales las pol\u00edticas de asentamiento colonial, la confiscaci\u00f3n de tierras y bienes, el saqueo de los recursos naturales, el cambio demogr\u00e1fico-cultural y el desalojo de los connacionales golaneses.<\/p>\n<p style=\"text-align: justify\">En cuanto a la cuesti\u00f3n palestina, Ali Haidar dijo: \u201cRenovamos nuestro pleno apoyo al mandato del Comit\u00e9 Especial para investigar las pr\u00e1cticas israel\u00edes que perjudican los derechos humanos del pueblo palestino y otros residentes \u00e1rabes en los territorios ocupados, y exigimos que se le conceda acceso al territorio palestino ocupado, incluido Jerusal\u00e9n del Este, y al Gol\u00e1n sirio ocupado para permitirle cumplir con las tareas que le han sido encomendadas\u201d.<\/p>\n<p style=\"text-align: justify\">la<\/p>\n","protected":false},"excerpt":{"rendered":"<p>Ginebra, 04 abr (SANA) El Consejo de Derechos Humanos en Ginebra aprob\u00f3 por mayor\u00eda dos proyectos de resoluci\u00f3n en los que exigi\u00f3 a la entidad ocupante \u201cIsrael\u201d detener sus violaciones sistem\u00e1ticas contra la poblaci\u00f3n en el Gol\u00e1n sirio y Palestina ocupados. En una intervenci\u00f3n que hizo poco antes de la votaci\u00f3n de los dos proyectos &hellip;<\/p>\n","protected":false},"author":24,"featured_media":293081,"comment_status":"closed","ping_status":"closed","sticky":false,"template":"","format":"standard","meta":{"footnotes":""},"categories":[447,597,20724,448,467,583],"tags":[19615,1494,6553,21935],"class_list":["post-293080","post","type-post","status-publish","format-standard","has-post-thumbnail","","category-local-politica","category-cinta-de-noticias","category-minuto-a-minuto","category-noticias","category-siria-y-el-mundo","category-slide","tag-golan-sirio-ocupado","tag-palestina","tag-siria","tag-violaciones-israelies"],"_links":{"self":[{"href":"https:\/\/archive.sana.sy\/es\/index.php?rest_route=\/wp\/v2\/posts\/293080"}],"collection":[{"href":"https:\/\/archive.sana.sy\/es\/index.php?rest_route=\/wp\/v2\/posts"}],"about":[{"href":"https:\/\/archive.sana.sy\/es\/index.php?rest_route=\/wp\/v2\/types\/post"}],"author":[{"embeddable":true,"href":"https:\/\/archive.sana.sy\/es\/index.php?rest_route=\/wp\/v2\/users\/24"}],"replies":[{"embeddable":true,"href":"https:\/\/archive.sana.sy\/es\/index.php?rest_route=%2Fwp%2Fv2%2Fcomments&post=293080"}],"version-history":[{"count":4,"href":"https:\/\/archive.sana.sy\/es\/index.php?rest_route=\/wp\/v2\/posts\/293080\/revisions"}],"predecessor-version":[{"id":293085,"href":"https:\/\/archive.sana.sy\/es\/index.php?rest_route=\/wp\/v2\/posts\/293080\/revisions\/293085"}],"wp:featuredmedia":[{"embeddable":true,"href":"https:\/\/archive.sana.sy\/es\/index.php?rest_route=\/wp\/v2\/media\/293081"}],"wp:attachment":[{"href":"https:\/\/archive.sana.sy\/es\/index.php?rest_route=%2Fwp%2Fv2%2Fmedia&parent=293080"}],"wp:term":[{"taxonomy":"category","embeddable":true,"href":"https:\/\/archive.sana.sy\/es\/index.php?rest_route=%2Fwp%2Fv2%2Fcategories&post=293080"},{"taxonomy":"post_tag","embeddable":true,"href":"https:\/\/archive.sana.sy\/es\/index.php?rest_route=%2Fwp%2Fv2%2Ftags&post=293080"}],"curies":[{"name":"wp","href":"https:\/\/api.w.org\/{rel}","templated":true}]}}