{"id":293126,"date":"2023-04-05T13:29:09","date_gmt":"2023-04-05T10:29:09","guid":{"rendered":"http:\/\/sana.sy\/es\/?p=293126"},"modified":"2023-04-05T13:29:09","modified_gmt":"2023-04-05T10:29:09","slug":"la-detencion-de-trump-evidencia-una-crisis-del-liberalismo-dice-zajarova","status":"publish","type":"post","link":"https:\/\/archive.sana.sy\/es\/?p=293126","title":{"rendered":"La detenci\u00f3n de Trump evidencia una crisis del liberalismo, dice Zaj\u00e1rova"},"content":{"rendered":"<p style=\"text-align: justify;\"><span style=\"color: #800000;\"><strong>Mosc\u00fa, 5 abr (SANA)<\/strong> <\/span>La portavoz del Ministerio de Exteriores ruso, Mar\u00eda Zaj\u00e1rova, dijo hoy que la detenci\u00f3n del expresidente de EEUU, Donald Trump, que declar\u00f3 abiertamente su intenci\u00f3n de presentarse a las pr\u00f3ximas elecciones, muestra una crisis de la ideolog\u00eda liberal.<\/p>\n<p style=\"text-align: justify;\">&#8220;Esto es lo que se llama una crisis del liberalismo. Es cuando un sistema que se pretende absolutamente libre, en el que no hay nada que frene en modo alguno la expresi\u00f3n de los impulsos, las pasiones humanas y esto se ha elevado a la categor\u00eda de culto &#8230; acaba devor\u00e1ndose o neg\u00e1ndose a s\u00ed mismo&#8221;, afirm\u00f3 Zaj\u00e1rova a Sputnik.<\/p>\n<p style=\"text-align: justify;\">Este 4 de abril, Donald Trump fue oficialmente arrestado, convirti\u00e9ndose as\u00ed en el primer expresidente de EEUU en ser procesado penalmente.<\/p>\n<p style=\"text-align: justify;\">fm\/as<\/p>\n","protected":false},"excerpt":{"rendered":"<p>Mosc\u00fa, 5 abr (SANA) La portavoz del Ministerio de Exteriores ruso, Mar\u00eda Zaj\u00e1rova, dijo hoy que la detenci\u00f3n del expresidente de EEUU, Donald Trump, que declar\u00f3 abiertamente su intenci\u00f3n de presentarse a las pr\u00f3ximas elecciones, muestra una crisis de la ideolog\u00eda liberal. &#8220;Esto es lo que se llama una crisis del liberalismo. Es cuando un &hellip;<\/p>\n","protected":false},"author":42,"featured_media":293127,"comment_status":"closed","ping_status":"closed","sticky":false,"template":"","format":"standard","meta":{"footnotes":""},"categories":[597,456,16687,20724,7541],"tags":[],"class_list":["post-293126","post","type-post","status-publish","format-standard","has-post-thumbnail","","category-cinta-de-noticias","category-arabe-internacional-politica","category-internacionales","category-minuto-a-minuto","category-ultimas-noticias"],"_links":{"self":[{"href":"https:\/\/archive.sana.sy\/es\/index.php?rest_route=\/wp\/v2\/posts\/293126"}],"collection":[{"href":"https:\/\/archive.sana.sy\/es\/index.php?rest_route=\/wp\/v2\/posts"}],"about":[{"href":"https:\/\/archive.sana.sy\/es\/index.php?rest_route=\/wp\/v2\/types\/post"}],"author":[{"embeddable":true,"href":"https:\/\/archive.sana.sy\/es\/index.php?rest_route=\/wp\/v2\/users\/42"}],"replies":[{"embeddable":true,"href":"https:\/\/archive.sana.sy\/es\/index.php?rest_route=%2Fwp%2Fv2%2Fcomments&post=293126"}],"version-history":[{"count":1,"href":"https:\/\/archive.sana.sy\/es\/index.php?rest_route=\/wp\/v2\/posts\/293126\/revisions"}],"predecessor-version":[{"id":293128,"href":"https:\/\/archive.sana.sy\/es\/index.php?rest_route=\/wp\/v2\/posts\/293126\/revisions\/293128"}],"wp:featuredmedia":[{"embeddable":true,"href":"https:\/\/archive.sana.sy\/es\/index.php?rest_route=\/wp\/v2\/media\/293127"}],"wp:attachment":[{"href":"https:\/\/archive.sana.sy\/es\/index.php?rest_route=%2Fwp%2Fv2%2Fmedia&parent=293126"}],"wp:term":[{"taxonomy":"category","embeddable":true,"href":"https:\/\/archive.sana.sy\/es\/index.php?rest_route=%2Fwp%2Fv2%2Fcategories&post=293126"},{"taxonomy":"post_tag","embeddable":true,"href":"https:\/\/archive.sana.sy\/es\/index.php?rest_route=%2Fwp%2Fv2%2Ftags&post=293126"}],"curies":[{"name":"wp","href":"https:\/\/api.w.org\/{rel}","templated":true}]}}