{"id":29313,"date":"2015-09-01T16:43:24","date_gmt":"2015-09-01T13:43:24","guid":{"rendered":"http:\/\/sana.sy\/es\/?p=29313"},"modified":"2015-09-02T15:37:22","modified_gmt":"2015-09-02T12:37:22","slug":"siria-denuncia-destruccion-del-templo-de-bel-en-palmira-a-manos-de-terroristas-del-ei","status":"publish","type":"post","link":"https:\/\/archive.sana.sy\/es\/?p=29313","title":{"rendered":"Siria denuncia destrucci\u00f3n del templo de Bel en Palmira a manos de terroristas del EI"},"content":{"rendered":"<p><span style=\"color: #800000\">Damasco, SANA<\/span><\/p>\n<p>Siria afirm\u00f3 que el nuevo crimen del grupo terrorista del Estado isl\u00e1mico de la destrucci\u00f3n del templo de Bel en Palmira, declarada patrimonio de la humanidad, aclara la realidad de la agresi\u00f3n que enfrenta Siria, especialmente contra su patrimonio cultura e hist\u00f3rico.<\/p>\n<p>Una fuente oficial en el Ministerio de Exteriores y Expatriados inform\u00f3 en declaraciones concedidas a SANA, que la organizaci\u00f3n terrorista del El desvela una vez m\u00e1s su barbaridad a trav\u00e9s de la destrucci\u00f3n del templo de Bel que se considera uno de los monumentos m\u00e1s destacados de la ciudad arqueol\u00f3gica de Palmira.<\/p>\n<p>Siria reitera sus llamados para aunar todos los esfuerzos honestos para eliminar el terrorismo takfiri oscurantista a fin de mantener la estabilidad y paz regionales e internacionales y conserva el patrimonio cultural de la humanidad entera.<\/p>\n<p>Fuentes civiles hab\u00edan confirmado al reportero de SANA desde la ciudad de Palmira que los terroristas del EI destruyeron anteayer grandes partes del templo situado en el seno de la ciudad arqueol\u00f3gica y procedieron a minar con explosivos las partes restantes. Esto se registr\u00f3 despu\u00e9s de menos de diez d\u00edas a la demolici\u00f3n del templo de Baalshamin a manos de los terroristas de la misma organizaci\u00f3n.<br \/>\nHala B., Lynn A.<\/p>\n","protected":false},"excerpt":{"rendered":"<p>Damasco, SANA Siria afirm\u00f3 que el nuevo crimen del grupo terrorista del Estado isl\u00e1mico de la destrucci\u00f3n del templo de Bel en Palmira, declarada patrimonio de la humanidad, aclara la realidad de la agresi\u00f3n que enfrenta Siria, especialmente contra su patrimonio cultura e hist\u00f3rico. Una fuente oficial en el Ministerio de Exteriores y Expatriados inform\u00f3 &hellip;<\/p>\n","protected":false},"author":24,"featured_media":29314,"comment_status":"closed","ping_status":"closed","sticky":false,"template":"","format":"standard","meta":{"footnotes":""},"categories":[477,476],"tags":[6476],"class_list":["post-29313","post","type-post","status-publish","format-standard","has-post-thumbnail","","category-noticias-edulcorantes","category-locales","tag-siria-denuncia-destruccion-del-templo-de-bel-en-palmira-a-manos-de-terroristas-del-ei"],"_links":{"self":[{"href":"https:\/\/archive.sana.sy\/es\/index.php?rest_route=\/wp\/v2\/posts\/29313"}],"collection":[{"href":"https:\/\/archive.sana.sy\/es\/index.php?rest_route=\/wp\/v2\/posts"}],"about":[{"href":"https:\/\/archive.sana.sy\/es\/index.php?rest_route=\/wp\/v2\/types\/post"}],"author":[{"embeddable":true,"href":"https:\/\/archive.sana.sy\/es\/index.php?rest_route=\/wp\/v2\/users\/24"}],"replies":[{"embeddable":true,"href":"https:\/\/archive.sana.sy\/es\/index.php?rest_route=%2Fwp%2Fv2%2Fcomments&post=29313"}],"version-history":[{"count":0,"href":"https:\/\/archive.sana.sy\/es\/index.php?rest_route=\/wp\/v2\/posts\/29313\/revisions"}],"wp:featuredmedia":[{"embeddable":true,"href":"https:\/\/archive.sana.sy\/es\/index.php?rest_route=\/wp\/v2\/media\/29314"}],"wp:attachment":[{"href":"https:\/\/archive.sana.sy\/es\/index.php?rest_route=%2Fwp%2Fv2%2Fmedia&parent=29313"}],"wp:term":[{"taxonomy":"category","embeddable":true,"href":"https:\/\/archive.sana.sy\/es\/index.php?rest_route=%2Fwp%2Fv2%2Fcategories&post=29313"},{"taxonomy":"post_tag","embeddable":true,"href":"https:\/\/archive.sana.sy\/es\/index.php?rest_route=%2Fwp%2Fv2%2Ftags&post=29313"}],"curies":[{"name":"wp","href":"https:\/\/api.w.org\/{rel}","templated":true}]}}