{"id":293135,"date":"2023-04-05T14:43:08","date_gmt":"2023-04-05T11:43:08","guid":{"rendered":"http:\/\/sana.sy\/es\/?p=293135"},"modified":"2023-04-05T16:59:30","modified_gmt":"2023-04-05T13:59:30","slug":"siria-y-naciones-unidas-abordan-cooperacion-en-sector-de-vivienda","status":"publish","type":"post","link":"https:\/\/archive.sana.sy\/es\/?p=293135","title":{"rendered":"Siria y Naciones Unidas abordan cooperaci\u00f3n en sector de vivienda"},"content":{"rendered":"<blockquote>\n<p style=\"text-align: justify;\"><span style=\"color: #993300;\">El ministro de Obras P\u00fablicas y Vivienda, Suhail Abdel Latif, denunci\u00f3 que Siria no puede disponer de los equipos t\u00e9cnicos necesarios debido al bloqueo y las injustas sanciones econ\u00f3micas.<\/span><\/p>\n<\/blockquote>\n<p style=\"text-align: justify;\"><span style=\"color: #800000;\"><strong>Damasco, 5 abr (SANA)<\/strong><\/span> El ministro de Obras P\u00fablicas y Vivienda, Suhail Abdel Latif, recibi\u00f3 hoy al jefe de la Direcci\u00f3n Ejecutiva del Programa de las Naciones Unidas para los Asentamientos Humanos, Irfan Ali.<\/p>\n<p style=\"text-align: justify;\">Las dos partes abordaron las \u00e1reas y perspectivas de cooperaci\u00f3n en el sector de la vivienda.<\/p>\n<p style=\"text-align: justify;\">El titular sirio destac\u00f3 la importancia de la cooperaci\u00f3n conjunta, especialmente despu\u00e9s del terremoto que asol\u00f3 Siria el 6 de febrero pasado, y apreci\u00f3 la r\u00e1pida respuesta proporcionada por el Programa de la ONU en la fase de emergencia tras del desastre.<\/p>\n<p style=\"text-align: justify;\">El programa ha contribuido a brindar la pericia t\u00e9cnica para evaluar los da\u00f1os en las edificaciones, junto con cuadros del Ministerio y del Sindicato de Ingenieros, afirm\u00f3 Abdel Latif.<\/p>\n<p style=\"text-align: justify;\">Denunci\u00f3 que Siria no puede disponer de los equipos t\u00e9cnicos necesarios debido al bloqueo y las injustas sanciones econ\u00f3micas .<\/p>\n<p style=\"text-align: justify;\">Subrayamos la necesidad de alzar la voz para levantar las medidas coercitivas injustas e inhumanas, y el injusto asedio impuesto a Siria, y que afect\u00f3 en gran medida la efectividad de la respuesta al desastre del terremoto, dijo el titular sirio.<\/p>\n<p style=\"text-align: justify;\">Por su parte, Ali explic\u00f3 que el objetivo de la reuni\u00f3n es enmarcar y fortalecer el trabajo en los proyectos relacionados con el Ministerio de Vivienda y continuar los proyectos de recuperaci\u00f3n, adem\u00e1s de la implementaci\u00f3n de otros proyectos en varias gobernaciones.<\/p>\n<p style=\"text-align: justify;\">Revel\u00f3 que se trabaja para conseguir los equipos t\u00e9cnicos necesarios para evaluar el estado t\u00e9cnico y estructural de las edificaciones da\u00f1adas, y contribuir al proceso de construcci\u00f3n y urbanizaci\u00f3n.<\/p>\n<div id='gallery-1' class='gallery galleryid-293135 gallery-columns-1 gallery-size-full'><figure class='gallery-item'>\n\t\t\t<div class='gallery-icon landscape'>\n\t\t\t\t<a href='https:\/\/archive.sana.sy\/es\/wp-content\/uploads\/2023\/04\/78.jpg'><img loading=\"lazy\" decoding=\"async\" width=\"660\" height=\"439\" src=\"https:\/\/archive.sana.sy\/es\/wp-content\/uploads\/2023\/04\/78.jpg\" class=\"attachment-full size-full\" alt=\"\" srcset=\"https:\/\/archive.sana.sy\/es\/wp-content\/uploads\/2023\/04\/78.jpg 660w, https:\/\/archive.sana.sy\/es\/wp-content\/uploads\/2023\/04\/78-300x200.jpg 300w, https:\/\/archive.sana.sy\/es\/wp-content\/uploads\/2023\/04\/78-150x100.jpg 150w, https:\/\/archive.sana.sy\/es\/wp-content\/uploads\/2023\/04\/78-310x205.jpg 310w\" sizes=\"(max-width: 660px) 100vw, 660px\" \/><\/a>\n\t\t\t<\/div><\/figure><figure class='gallery-item'>\n\t\t\t<div class='gallery-icon landscape'>\n\t\t\t\t<a href='https:\/\/archive.sana.sy\/es\/wp-content\/uploads\/2023\/04\/98.jpg'><img loading=\"lazy\" decoding=\"async\" width=\"660\" height=\"440\" src=\"https:\/\/archive.sana.sy\/es\/wp-content\/uploads\/2023\/04\/98.jpg\" class=\"attachment-full size-full\" alt=\"\" srcset=\"https:\/\/archive.sana.sy\/es\/wp-content\/uploads\/2023\/04\/98.jpg 660w, https:\/\/archive.sana.sy\/es\/wp-content\/uploads\/2023\/04\/98-300x200.jpg 300w, https:\/\/archive.sana.sy\/es\/wp-content\/uploads\/2023\/04\/98-150x100.jpg 150w\" sizes=\"(max-width: 660px) 100vw, 660px\" \/><\/a>\n\t\t\t<\/div><\/figure><figure class='gallery-item'>\n\t\t\t<div class='gallery-icon landscape'>\n\t\t\t\t<a href='https:\/\/archive.sana.sy\/es\/wp-content\/uploads\/2023\/04\/\u0648\u0632\u064a\u0631-\u0627\u0644\u0623\u0634\u063a\u0627\u0644-\u0627\u0644\u0639\u0627\u0645\u0629-\u0648\u0627\u0644\u0625\u0633\u0643\u0627-660x330-1.jpg'><img loading=\"lazy\" decoding=\"async\" width=\"660\" height=\"330\" src=\"https:\/\/archive.sana.sy\/es\/wp-content\/uploads\/2023\/04\/\u0648\u0632\u064a\u0631-\u0627\u0644\u0623\u0634\u063a\u0627\u0644-\u0627\u0644\u0639\u0627\u0645\u0629-\u0648\u0627\u0644\u0625\u0633\u0643\u0627-660x330-1.jpg\" class=\"attachment-full size-full\" alt=\"\" srcset=\"https:\/\/archive.sana.sy\/es\/wp-content\/uploads\/2023\/04\/\u0648\u0632\u064a\u0631-\u0627\u0644\u0623\u0634\u063a\u0627\u0644-\u0627\u0644\u0639\u0627\u0645\u0629-\u0648\u0627\u0644\u0625\u0633\u0643\u0627-660x330-1.jpg 660w, https:\/\/archive.sana.sy\/es\/wp-content\/uploads\/2023\/04\/\u0648\u0632\u064a\u0631-\u0627\u0644\u0623\u0634\u063a\u0627\u0644-\u0627\u0644\u0639\u0627\u0645\u0629-\u0648\u0627\u0644\u0625\u0633\u0643\u0627-660x330-1-300x150.jpg 300w, https:\/\/archive.sana.sy\/es\/wp-content\/uploads\/2023\/04\/\u0648\u0632\u064a\u0631-\u0627\u0644\u0623\u0634\u063a\u0627\u0644-\u0627\u0644\u0639\u0627\u0645\u0629-\u0648\u0627\u0644\u0625\u0633\u0643\u0627-660x330-1-150x75.jpg 150w\" sizes=\"(max-width: 660px) 100vw, 660px\" \/><\/a>\n\t\t\t<\/div><\/figure>\n\t\t<\/div>\n\n<p style=\"text-align: justify;\">fm\/as<\/p>\n","protected":false},"excerpt":{"rendered":"<p>El ministro de Obras P\u00fablicas y Vivienda, Suhail Abdel Latif, denunci\u00f3 que Siria no puede disponer de los equipos t\u00e9cnicos necesarios debido al bloqueo y las injustas sanciones econ\u00f3micas. Damasco, 5 abr (SANA) El ministro de Obras P\u00fablicas y Vivienda, Suhail Abdel Latif, recibi\u00f3 hoy al jefe de la Direcci\u00f3n Ejecutiva del Programa de las &hellip;<\/p>\n","protected":false},"author":42,"featured_media":293139,"comment_status":"closed","ping_status":"closed","sticky":false,"template":"","format":"standard","meta":{"footnotes":""},"categories":[447,477,597,20724,476,16688,467,7541],"tags":[],"class_list":["post-293135","post","type-post","status-publish","format-standard","has-post-thumbnail","","category-local-politica","category-noticias-edulcorantes","category-cinta-de-noticias","category-minuto-a-minuto","category-locales","category-nacionales","category-siria-y-el-mundo","category-ultimas-noticias"],"_links":{"self":[{"href":"https:\/\/archive.sana.sy\/es\/index.php?rest_route=\/wp\/v2\/posts\/293135"}],"collection":[{"href":"https:\/\/archive.sana.sy\/es\/index.php?rest_route=\/wp\/v2\/posts"}],"about":[{"href":"https:\/\/archive.sana.sy\/es\/index.php?rest_route=\/wp\/v2\/types\/post"}],"author":[{"embeddable":true,"href":"https:\/\/archive.sana.sy\/es\/index.php?rest_route=\/wp\/v2\/users\/42"}],"replies":[{"embeddable":true,"href":"https:\/\/archive.sana.sy\/es\/index.php?rest_route=%2Fwp%2Fv2%2Fcomments&post=293135"}],"version-history":[{"count":2,"href":"https:\/\/archive.sana.sy\/es\/index.php?rest_route=\/wp\/v2\/posts\/293135\/revisions"}],"predecessor-version":[{"id":293165,"href":"https:\/\/archive.sana.sy\/es\/index.php?rest_route=\/wp\/v2\/posts\/293135\/revisions\/293165"}],"wp:featuredmedia":[{"embeddable":true,"href":"https:\/\/archive.sana.sy\/es\/index.php?rest_route=\/wp\/v2\/media\/293139"}],"wp:attachment":[{"href":"https:\/\/archive.sana.sy\/es\/index.php?rest_route=%2Fwp%2Fv2%2Fmedia&parent=293135"}],"wp:term":[{"taxonomy":"category","embeddable":true,"href":"https:\/\/archive.sana.sy\/es\/index.php?rest_route=%2Fwp%2Fv2%2Fcategories&post=293135"},{"taxonomy":"post_tag","embeddable":true,"href":"https:\/\/archive.sana.sy\/es\/index.php?rest_route=%2Fwp%2Fv2%2Ftags&post=293135"}],"curies":[{"name":"wp","href":"https:\/\/api.w.org\/{rel}","templated":true}]}}