{"id":293155,"date":"2023-04-05T16:10:54","date_gmt":"2023-04-05T13:10:54","guid":{"rendered":"http:\/\/sana.sy\/es\/?p=293155"},"modified":"2023-04-05T16:58:37","modified_gmt":"2023-04-05T13:58:37","slug":"siria-tacha-de-castigo-colectivo-las-medidas-coercitivas-impuestas-por-la-ue","status":"publish","type":"post","link":"https:\/\/archive.sana.sy\/es\/?p=293155","title":{"rendered":"Siria tacha de castigo colectivo las medidas coercitivas impuestas por la UE"},"content":{"rendered":"<blockquote>\n<p style=\"text-align: justify;\"><span style=\"color: #993300;\">Siria hace un llamado a la Uni\u00f3n Europea para que adopte una pol\u00edtica m\u00e1s equilibrada y consistente con los principios del derecho internacional, las resoluciones de las Naciones Unidas y los instrumentos de derechos humanos<\/span><\/p>\n<\/blockquote>\n<p style=\"text-align: justify;\"><span style=\"color: #800000;\"><strong>Damasco, 5 abr (SANA)<\/strong> <\/span>Siria inst\u00f3 hoy a la Uni\u00f3n Europea (UE) para que levante de inmediato las medidas coercitivas unilaterales y detenga las pol\u00edticas de castigo colectivo contra los pueblos de los pa\u00edses v\u00edctimas de estas medidas.<\/p>\n<p style=\"text-align: justify;\">La Rep\u00fablica \u00c1rabe Siria expresa su asombro por el acuerdo del Consejo Europeo y el Parlamento Europeo para adoptar el llamado &#8220;instrumento anti-coerci\u00f3n&#8221; en el campo del comercio, afirm\u00f3 una declaraci\u00f3n del Ministerio de Asuntos Exteriores y Expatriados.<\/p>\n<p style=\"text-align: justify;\">Aclar\u00f3 que la UE sanciona a los pa\u00edses que supuestamente imponen medidas coercitivas a otros pa\u00edses, mientras que este mismo bloque impone tales medidas ilegales a varios pa\u00edses en desarrollo, incluida Siria.<\/p>\n<p style=\"text-align: justify;\">Seg\u00fan Canciller\u00eda, esta posici\u00f3n evidencia de manera inequ\u00edvoca la doble moral adoptada por la Uni\u00f3n Europea.<br \/>\nSiria hace un llamado a la Uni\u00f3n Europea para que adopte una pol\u00edtica m\u00e1s equilibrada y consistente con los principios del derecho internacional, las resoluciones de las Naciones Unidas y los instrumentos de derechos humanos, indic\u00f3 el texto.<\/p>\n<p style=\"text-align: justify;\">Asimismo, pidi\u00f3 el levantamiento inmediato, completo e incondicional de las medidas coercitivas unilaterales ilegales y el cese de las pol\u00edticas de castigo colectivo contra los pueblos de los pa\u00edses blancos de estas medidas.<\/p>\n<p style=\"text-align: justify;\">fm\/as<\/p>\n","protected":false},"excerpt":{"rendered":"<p>Siria hace un llamado a la Uni\u00f3n Europea para que adopte una pol\u00edtica m\u00e1s equilibrada y consistente con los principios del derecho internacional, las resoluciones de las Naciones Unidas y los instrumentos de derechos humanos Damasco, 5 abr (SANA) Siria inst\u00f3 hoy a la Uni\u00f3n Europea (UE) para que levante de inmediato las medidas coercitivas &hellip;<\/p>\n","protected":false},"author":42,"featured_media":293161,"comment_status":"closed","ping_status":"closed","sticky":false,"template":"","format":"standard","meta":{"footnotes":""},"categories":[477,447,597,476,583],"tags":[],"class_list":["post-293155","post","type-post","status-publish","format-standard","has-post-thumbnail","","category-noticias-edulcorantes","category-local-politica","category-cinta-de-noticias","category-locales","category-slide"],"_links":{"self":[{"href":"https:\/\/archive.sana.sy\/es\/index.php?rest_route=\/wp\/v2\/posts\/293155"}],"collection":[{"href":"https:\/\/archive.sana.sy\/es\/index.php?rest_route=\/wp\/v2\/posts"}],"about":[{"href":"https:\/\/archive.sana.sy\/es\/index.php?rest_route=\/wp\/v2\/types\/post"}],"author":[{"embeddable":true,"href":"https:\/\/archive.sana.sy\/es\/index.php?rest_route=\/wp\/v2\/users\/42"}],"replies":[{"embeddable":true,"href":"https:\/\/archive.sana.sy\/es\/index.php?rest_route=%2Fwp%2Fv2%2Fcomments&post=293155"}],"version-history":[{"count":3,"href":"https:\/\/archive.sana.sy\/es\/index.php?rest_route=\/wp\/v2\/posts\/293155\/revisions"}],"predecessor-version":[{"id":293163,"href":"https:\/\/archive.sana.sy\/es\/index.php?rest_route=\/wp\/v2\/posts\/293155\/revisions\/293163"}],"wp:featuredmedia":[{"embeddable":true,"href":"https:\/\/archive.sana.sy\/es\/index.php?rest_route=\/wp\/v2\/media\/293161"}],"wp:attachment":[{"href":"https:\/\/archive.sana.sy\/es\/index.php?rest_route=%2Fwp%2Fv2%2Fmedia&parent=293155"}],"wp:term":[{"taxonomy":"category","embeddable":true,"href":"https:\/\/archive.sana.sy\/es\/index.php?rest_route=%2Fwp%2Fv2%2Fcategories&post=293155"},{"taxonomy":"post_tag","embeddable":true,"href":"https:\/\/archive.sana.sy\/es\/index.php?rest_route=%2Fwp%2Fv2%2Ftags&post=293155"}],"curies":[{"name":"wp","href":"https:\/\/api.w.org\/{rel}","templated":true}]}}