{"id":293166,"date":"2023-04-05T17:12:25","date_gmt":"2023-04-05T14:12:25","guid":{"rendered":"http:\/\/sana.sy\/es\/?p=293166"},"modified":"2023-04-05T19:23:40","modified_gmt":"2023-04-05T16:23:40","slug":"llega-a-damasco-el-jefe-del-consejo-judicial-supremo-de-irak","status":"publish","type":"post","link":"https:\/\/archive.sana.sy\/es\/?p=293166","title":{"rendered":"Jefe del Consejo Judicial Supremo de Irak llega a Damasco para consolidar cooperaci\u00f3n en materia judicial"},"content":{"rendered":"<p style=\"text-align: justify\"><span style=\"color: #800000\"><strong>Damasco, 05 abr (SANA)<\/strong><\/span> El jefe del Consejo Judicial Supremo de Irak, juez Faeq Zaidan, y la delegaci\u00f3n acompa\u00f1ante llegaron a Damasco en una visita destinada a desarrollar relaciones binacionales en materia de cooperaci\u00f3n judicial y legal.<\/p>\n<p style=\"text-align: justify\">Recibi\u00f3 a la delegaci\u00f3n en el Aeropuerto Internacional de Damasco, el ministro de Justicia, juez Ahmed Al-Sayed, junto con varios jueces.<\/p>\n<p style=\"text-align: justify\">El juez Zaidan explic\u00f3 que la agenda de la visita incluye discusiones judiciales con los jueces sirios, y discutir la posibilidad de concluir un nuevo acuerdo entre los dos pa\u00edses.<\/p>\n<p style=\"text-align: justify\">En el mismo contexto subray\u00f3 que \u201cel Acuerdo \u00c1rabe de Riad\u201d firmado en 1983, que vincula la cooperaci\u00f3n judicial entre los pa\u00edses \u00e1rabes , tiene que ser actualizado, y esto mismo se puede conseguir a trav\u00e9s de acuerdos bilaterales.<\/p>\n<p style=\"text-align: justify\">Por su parte, el ministro Al-Sayed consider\u00f3 que la visita va en el marco de la consolidaci\u00f3n de la cooperaci\u00f3n judicial y legal entre Siria e Irak, indicando que \u201cel Acuerdo \u00c1rabe de Riad\u201d est\u00e1 bien implementado entre los dos pa\u00edses en materia de extradici\u00f3n de criminales, entre otros asuntos.<\/p>\n<p style=\"text-align: justify\">la<\/p>\n<p style=\"text-align: justify\">\n","protected":false},"excerpt":{"rendered":"<p>Damasco, 05 abr (SANA) El jefe del Consejo Judicial Supremo de Irak, juez Faeq Zaidan, y la delegaci\u00f3n acompa\u00f1ante llegaron a Damasco en una visita destinada a desarrollar relaciones binacionales en materia de cooperaci\u00f3n judicial y legal. Recibi\u00f3 a la delegaci\u00f3n en el Aeropuerto Internacional de Damasco, el ministro de Justicia, juez Ahmed Al-Sayed, junto &hellip;<\/p>\n","protected":false},"author":24,"featured_media":293167,"comment_status":"closed","ping_status":"closed","sticky":false,"template":"","format":"standard","meta":{"footnotes":""},"categories":[447,597,20724,476,448,7541],"tags":[21940,5835,6553],"class_list":["post-293166","post","type-post","status-publish","format-standard","has-post-thumbnail","","category-local-politica","category-cinta-de-noticias","category-minuto-a-minuto","category-locales","category-noticias","category-ultimas-noticias","tag-cooperacion-judicial","tag-iraq","tag-siria"],"_links":{"self":[{"href":"https:\/\/archive.sana.sy\/es\/index.php?rest_route=\/wp\/v2\/posts\/293166"}],"collection":[{"href":"https:\/\/archive.sana.sy\/es\/index.php?rest_route=\/wp\/v2\/posts"}],"about":[{"href":"https:\/\/archive.sana.sy\/es\/index.php?rest_route=\/wp\/v2\/types\/post"}],"author":[{"embeddable":true,"href":"https:\/\/archive.sana.sy\/es\/index.php?rest_route=\/wp\/v2\/users\/24"}],"replies":[{"embeddable":true,"href":"https:\/\/archive.sana.sy\/es\/index.php?rest_route=%2Fwp%2Fv2%2Fcomments&post=293166"}],"version-history":[{"count":7,"href":"https:\/\/archive.sana.sy\/es\/index.php?rest_route=\/wp\/v2\/posts\/293166\/revisions"}],"predecessor-version":[{"id":293197,"href":"https:\/\/archive.sana.sy\/es\/index.php?rest_route=\/wp\/v2\/posts\/293166\/revisions\/293197"}],"wp:featuredmedia":[{"embeddable":true,"href":"https:\/\/archive.sana.sy\/es\/index.php?rest_route=\/wp\/v2\/media\/293167"}],"wp:attachment":[{"href":"https:\/\/archive.sana.sy\/es\/index.php?rest_route=%2Fwp%2Fv2%2Fmedia&parent=293166"}],"wp:term":[{"taxonomy":"category","embeddable":true,"href":"https:\/\/archive.sana.sy\/es\/index.php?rest_route=%2Fwp%2Fv2%2Fcategories&post=293166"},{"taxonomy":"post_tag","embeddable":true,"href":"https:\/\/archive.sana.sy\/es\/index.php?rest_route=%2Fwp%2Fv2%2Ftags&post=293166"}],"curies":[{"name":"wp","href":"https:\/\/api.w.org\/{rel}","templated":true}]}}