{"id":293169,"date":"2023-04-05T17:34:33","date_gmt":"2023-04-05T14:34:33","guid":{"rendered":"http:\/\/sana.sy\/es\/?p=293169"},"modified":"2023-04-05T17:35:54","modified_gmt":"2023-04-05T14:35:54","slug":"rusia-y-eeuu-ya-estan-en-una-fase-de-conflicto-caliente-senala-moscu","status":"publish","type":"post","link":"https:\/\/archive.sana.sy\/es\/?p=293169","title":{"rendered":"Rusia y EEUU ya est\u00e1n en una fase de conflicto caliente, se\u00f1ala Mosc\u00fa"},"content":{"rendered":"<p style=\"text-align: justify\"><span style=\"color: #800000\"><strong>Mosc\u00fa, 05 abr (SANA)<\/strong><\/span> El viceministro de Exteriores de Rusia, Sergei Ryabkov, subray\u00f3 que Rusia y Estados Unidos &#8220;ya han pasado&#8221; la etapa de la Guerra Fr\u00eda en sus relaciones y ahora est\u00e1n en la fase de \u201cconflicto caliente\u201d.<\/p>\n<p style=\"text-align: justify\">\u201cCreo que ya pasamos este per\u00edodo de la Guerra Fr\u00eda. Ahora estamos en la fase de un conflicto candente con los Estados Unidos. Estamos presenciando la participaci\u00f3n directa de ese pa\u00eds en una guerra h\u00edbrida con Rusia en varios frentes&#8221;, dijo Ryabkov en declaraciones concedidas este mi\u00e9rcoles a la estaci\u00f3n de radio <em>Sputnik<\/em>.<\/p>\n<p style=\"text-align: justify\">Por otro lado, el alto funcionario ruso se\u00f1al\u00f3 que las posibilidades de que se reanude el trabajo en el tratado <em>New Start<\/em> firmado en 2010 entre Mosc\u00fa y Washington no son grandes y est\u00e1n condenadas al fracaso.<\/p>\n<p style=\"text-align: justify\">\u201cEl tratado est\u00e1 condenado al fracaso a menos que EEUU exprese disposici\u00f3n para cambiar realmente su pol\u00edtica muy hostil contra Rusia\u201d, agreg\u00f3 Ryabkov.<\/p>\n<p>El 21 de febrero, Rusia anunci\u00f3 la suspensi\u00f3n de su participaci\u00f3n en el tratado New Start en respuesta a las pretensiones de Washington de realizar pruebas nucleares.<\/p>\n<p style=\"text-align: justify\">la<\/p>\n","protected":false},"excerpt":{"rendered":"<p>Mosc\u00fa, 05 abr (SANA) El viceministro de Exteriores de Rusia, Sergei Ryabkov, subray\u00f3 que Rusia y Estados Unidos &#8220;ya han pasado&#8221; la etapa de la Guerra Fr\u00eda en sus relaciones y ahora est\u00e1n en la fase de \u201cconflicto caliente\u201d. \u201cCreo que ya pasamos este per\u00edodo de la Guerra Fr\u00eda. Ahora estamos en la fase de &hellip;<\/p>\n","protected":false},"author":24,"featured_media":293170,"comment_status":"closed","ping_status":"closed","sticky":false,"template":"","format":"standard","meta":{"footnotes":""},"categories":[447,597,456,16687,20724,448,7541],"tags":[],"class_list":["post-293169","post","type-post","status-publish","format-standard","has-post-thumbnail","","category-local-politica","category-cinta-de-noticias","category-arabe-internacional-politica","category-internacionales","category-minuto-a-minuto","category-noticias","category-ultimas-noticias"],"_links":{"self":[{"href":"https:\/\/archive.sana.sy\/es\/index.php?rest_route=\/wp\/v2\/posts\/293169"}],"collection":[{"href":"https:\/\/archive.sana.sy\/es\/index.php?rest_route=\/wp\/v2\/posts"}],"about":[{"href":"https:\/\/archive.sana.sy\/es\/index.php?rest_route=\/wp\/v2\/types\/post"}],"author":[{"embeddable":true,"href":"https:\/\/archive.sana.sy\/es\/index.php?rest_route=\/wp\/v2\/users\/24"}],"replies":[{"embeddable":true,"href":"https:\/\/archive.sana.sy\/es\/index.php?rest_route=%2Fwp%2Fv2%2Fcomments&post=293169"}],"version-history":[{"count":2,"href":"https:\/\/archive.sana.sy\/es\/index.php?rest_route=\/wp\/v2\/posts\/293169\/revisions"}],"predecessor-version":[{"id":293172,"href":"https:\/\/archive.sana.sy\/es\/index.php?rest_route=\/wp\/v2\/posts\/293169\/revisions\/293172"}],"wp:featuredmedia":[{"embeddable":true,"href":"https:\/\/archive.sana.sy\/es\/index.php?rest_route=\/wp\/v2\/media\/293170"}],"wp:attachment":[{"href":"https:\/\/archive.sana.sy\/es\/index.php?rest_route=%2Fwp%2Fv2%2Fmedia&parent=293169"}],"wp:term":[{"taxonomy":"category","embeddable":true,"href":"https:\/\/archive.sana.sy\/es\/index.php?rest_route=%2Fwp%2Fv2%2Fcategories&post=293169"},{"taxonomy":"post_tag","embeddable":true,"href":"https:\/\/archive.sana.sy\/es\/index.php?rest_route=%2Fwp%2Fv2%2Ftags&post=293169"}],"curies":[{"name":"wp","href":"https:\/\/api.w.org\/{rel}","templated":true}]}}