{"id":29317,"date":"2015-09-01T17:14:19","date_gmt":"2015-09-01T14:14:19","guid":{"rendered":"http:\/\/sana.sy\/es\/?p=29317"},"modified":"2015-09-01T17:14:19","modified_gmt":"2015-09-01T14:14:19","slug":"denuncian-decision-israeli-de-prorrogar-detencion-de-dos-mujeres-heroes-del-golan-sirio-ocupado","status":"publish","type":"post","link":"https:\/\/archive.sana.sy\/es\/?p=29317","title":{"rendered":"Denuncian decisi\u00f3n israel\u00ed de prorrogar detenci\u00f3n de dos mujeres h\u00e9roes del Gol\u00e1n sirio ocupado"},"content":{"rendered":"<p>&nbsp;<\/p>\n<p><span style=\"color: #800000\">Damasco, SANA<\/span><\/p>\n<p>El Comit\u00e9 para Asuntos de Apoyo de los Prisioneros Liberados y Detenidos sirios en las c\u00e1rceles del ocupante israel\u00ed, denunci\u00f3 este martes la decisi\u00f3n del tribunal israel\u00ed de prorrogar la detenci\u00f3n de Bashira Mahmoud y Amal Bou Saleh, compatriotas del Gol\u00e1n sirio ocupado, as\u00ed como de mantener la detenci\u00f3n del luchador Sedqui al-Maqt, decanos de los prisioneros sirios, so pretexto de falsos argumentos que contradicen todas las normas, leyes y cartas internacionales.<\/p>\n<p>En un comunicado emitido este martes, el Comit\u00e9 se\u00f1al\u00f3 que las pr\u00e1cticas arbitrarias del ocupante israel\u00ed contra los vecinos del Gol\u00e1n sirio ocupado no lograr\u00e1n debilitar ni su voluntad ni su pertenencia a la madre patria Siria, sino que les har\u00e1n m\u00e1s fuertes e inmunes frente a las atrocidades del ente sionista.<\/p>\n<p>El Comit\u00e9 hizo un llamado a las organizaciones y \u00f3rganos humanitarios internacionales para asumir su responsabilidad moral y legal, y ejercer presi\u00f3n sobre las autoridades israel\u00edes para que pongan en libertad a los sirios detenidos en sus c\u00e1rceles.<\/p>\n<p>Es de se\u00f1alar que las fuerzas del ente sionista hab\u00edan detenido a alrededor de 30 sirios del Gol\u00e1n sirio ocupado en venganza del operativo llevado a cabo por los h\u00e9roes de la localidad de Maydal Shams en el pasado mes de junio, en el cual interceptaron una ambulancia israel\u00ed que transportaba a dos terroristas heridos del Frente de al-Nousra.<\/p>\n<p>La mayor\u00eda de los detenidos fueron liberados a continuaci\u00f3n, excepto Bashira Mahmoud y Amal Bou Saleh.<\/p>\n<p>Asimismo, las autoridades israel\u00edes hab\u00edan detenido en el 25 del pasado mes de febrero y por la cuarta vez al luchador Sedqui al-Maqt quien pas\u00f3 injustamente unos 27 a\u00f1os en las c\u00e1rceles israel\u00edes.<\/p>\n<p>&nbsp;<\/p>\n<p>&nbsp;<br \/>\nLynn A.<\/p>\n","protected":false},"excerpt":{"rendered":"<p>&nbsp; Damasco, SANA El Comit\u00e9 para Asuntos de Apoyo de los Prisioneros Liberados y Detenidos sirios en las c\u00e1rceles del ocupante israel\u00ed, denunci\u00f3 este martes la decisi\u00f3n del tribunal israel\u00ed de prorrogar la detenci\u00f3n de Bashira Mahmoud y Amal Bou Saleh, compatriotas del Gol\u00e1n sirio ocupado, as\u00ed como de mantener la detenci\u00f3n del luchador Sedqui &hellip;<\/p>\n","protected":false},"author":24,"featured_media":14904,"comment_status":"closed","ping_status":"closed","sticky":false,"template":"","format":"standard","meta":{"footnotes":""},"categories":[477,476,576],"tags":[6477],"class_list":["post-29317","post","type-post","status-publish","format-standard","has-post-thumbnail","","category-noticias-edulcorantes","category-locales","category-noticias-politicas","tag-denuncian-decision-israeli-de-prorrogar-detencion-de-dos-mujeres-heroes-del-golan-sirio-ocupado"],"_links":{"self":[{"href":"https:\/\/archive.sana.sy\/es\/index.php?rest_route=\/wp\/v2\/posts\/29317"}],"collection":[{"href":"https:\/\/archive.sana.sy\/es\/index.php?rest_route=\/wp\/v2\/posts"}],"about":[{"href":"https:\/\/archive.sana.sy\/es\/index.php?rest_route=\/wp\/v2\/types\/post"}],"author":[{"embeddable":true,"href":"https:\/\/archive.sana.sy\/es\/index.php?rest_route=\/wp\/v2\/users\/24"}],"replies":[{"embeddable":true,"href":"https:\/\/archive.sana.sy\/es\/index.php?rest_route=%2Fwp%2Fv2%2Fcomments&post=29317"}],"version-history":[{"count":0,"href":"https:\/\/archive.sana.sy\/es\/index.php?rest_route=\/wp\/v2\/posts\/29317\/revisions"}],"wp:featuredmedia":[{"embeddable":true,"href":"https:\/\/archive.sana.sy\/es\/index.php?rest_route=\/wp\/v2\/media\/14904"}],"wp:attachment":[{"href":"https:\/\/archive.sana.sy\/es\/index.php?rest_route=%2Fwp%2Fv2%2Fmedia&parent=29317"}],"wp:term":[{"taxonomy":"category","embeddable":true,"href":"https:\/\/archive.sana.sy\/es\/index.php?rest_route=%2Fwp%2Fv2%2Fcategories&post=29317"},{"taxonomy":"post_tag","embeddable":true,"href":"https:\/\/archive.sana.sy\/es\/index.php?rest_route=%2Fwp%2Fv2%2Ftags&post=29317"}],"curies":[{"name":"wp","href":"https:\/\/api.w.org\/{rel}","templated":true}]}}