{"id":293182,"date":"2023-04-05T18:49:39","date_gmt":"2023-04-05T15:49:39","guid":{"rendered":"http:\/\/sana.sy\/es\/?p=293182"},"modified":"2023-04-05T20:42:22","modified_gmt":"2023-04-05T17:42:22","slug":"siria-y-tunez-elevan-nivel-de-las-representaciones-diplomaticas-a-rango-de-embajadores","status":"publish","type":"post","link":"https:\/\/archive.sana.sy\/es\/?p=293182","title":{"rendered":"Siria y T\u00fanez elevan nivel de sus representaciones diplom\u00e1ticas a rango de embajadores"},"content":{"rendered":"<p style=\"text-align: justify\"><span style=\"color: #800000\"><strong>Damasco, 05 abr (SANA)<\/strong><\/span> El ministro de Relaciones Exteriores y Expatriados, Faisal al-Mekdad, sostuvo este mi\u00e9rcoles con su hom\u00f3logo de T\u00fanez, Nabil Ammar, una conversaci\u00f3n\u00a0 telef\u00f3nica durante la cual ambos cancilleres intercambiaron felicitaciones con motivo del sagrado mes del Ramad\u00e1n, as\u00ed como debatieron las v\u00edas de impulsar las relaciones binacionales en los diversos campos.<\/p>\n<p style=\"text-align: justify\">El Canciller Ammar transmiti\u00f3 la decisi\u00f3n del Liderazgo tunecino de elevar el nivel de la representaci\u00f3n diplom\u00e1tica de T\u00fanez en Damasco a la categor\u00eda de embajador.<br \/>\nPor su parte, el jefe de la diplomacia siria agradeci\u00f3 al Presidente Qais Saeed por esta decisi\u00f3n, y agreg\u00f3 que Siria reabrir\u00e1 en los pr\u00f3ximos d\u00edas su embajada en T\u00fanez, donde tendr\u00e1 una representaci\u00f3n diplom\u00e1tica a nivel de embajador.<\/p>\n<p style=\"text-align: justify\">Los dos ministros tambi\u00e9n abordaron la importancia de fortalecer la cooperaci\u00f3n entre los dos pa\u00edses hermanos en las \u00e1reas diplom\u00e1tica, pol\u00edtica, econ\u00f3mica y cultural, y la importancia de continuar las consultas conjuntas en todo lo relacionado con la situaci\u00f3n en los escenarios \u00e1rabe, regional e internacional.<\/p>\n<p style=\"text-align: justify\">la<\/p>\n","protected":false},"excerpt":{"rendered":"<p>Damasco, 05 abr (SANA) El ministro de Relaciones Exteriores y Expatriados, Faisal al-Mekdad, sostuvo este mi\u00e9rcoles con su hom\u00f3logo de T\u00fanez, Nabil Ammar, una conversaci\u00f3n\u00a0 telef\u00f3nica durante la cual ambos cancilleres intercambiaron felicitaciones con motivo del sagrado mes del Ramad\u00e1n, as\u00ed como debatieron las v\u00edas de impulsar las relaciones binacionales en los diversos campos. El &hellip;<\/p>\n","protected":false},"author":24,"featured_media":293183,"comment_status":"closed","ping_status":"closed","sticky":false,"template":"","format":"standard","meta":{"footnotes":""},"categories":[447,597,20724,448,467,583],"tags":[21941,21942,6553,8603],"class_list":["post-293182","post","type-post","status-publish","format-standard","has-post-thumbnail","","category-local-politica","category-cinta-de-noticias","category-minuto-a-minuto","category-noticias","category-siria-y-el-mundo","category-slide","tag-reapertura-de-embajadas","tag-representacion-diplomatica","tag-siria","tag-tunez"],"_links":{"self":[{"href":"https:\/\/archive.sana.sy\/es\/index.php?rest_route=\/wp\/v2\/posts\/293182"}],"collection":[{"href":"https:\/\/archive.sana.sy\/es\/index.php?rest_route=\/wp\/v2\/posts"}],"about":[{"href":"https:\/\/archive.sana.sy\/es\/index.php?rest_route=\/wp\/v2\/types\/post"}],"author":[{"embeddable":true,"href":"https:\/\/archive.sana.sy\/es\/index.php?rest_route=\/wp\/v2\/users\/24"}],"replies":[{"embeddable":true,"href":"https:\/\/archive.sana.sy\/es\/index.php?rest_route=%2Fwp%2Fv2%2Fcomments&post=293182"}],"version-history":[{"count":5,"href":"https:\/\/archive.sana.sy\/es\/index.php?rest_route=\/wp\/v2\/posts\/293182\/revisions"}],"predecessor-version":[{"id":293191,"href":"https:\/\/archive.sana.sy\/es\/index.php?rest_route=\/wp\/v2\/posts\/293182\/revisions\/293191"}],"wp:featuredmedia":[{"embeddable":true,"href":"https:\/\/archive.sana.sy\/es\/index.php?rest_route=\/wp\/v2\/media\/293183"}],"wp:attachment":[{"href":"https:\/\/archive.sana.sy\/es\/index.php?rest_route=%2Fwp%2Fv2%2Fmedia&parent=293182"}],"wp:term":[{"taxonomy":"category","embeddable":true,"href":"https:\/\/archive.sana.sy\/es\/index.php?rest_route=%2Fwp%2Fv2%2Fcategories&post=293182"},{"taxonomy":"post_tag","embeddable":true,"href":"https:\/\/archive.sana.sy\/es\/index.php?rest_route=%2Fwp%2Fv2%2Ftags&post=293182"}],"curies":[{"name":"wp","href":"https:\/\/api.w.org\/{rel}","templated":true}]}}