{"id":29321,"date":"2015-09-01T18:35:47","date_gmt":"2015-09-01T15:35:47","guid":{"rendered":"http:\/\/sana.sy\/es\/?p=29321"},"modified":"2015-09-01T18:35:47","modified_gmt":"2015-09-01T15:35:47","slug":"damasco-responsabiliza-a-turquia-con-cualquier-crimen-cometido-en-al-foa-y-kafreya","status":"publish","type":"post","link":"https:\/\/archive.sana.sy\/es\/?p=29321","title":{"rendered":"Damasco responsabiliza a Turqu\u00eda con cualquier crimen cometido en al-Foa y Kafreya"},"content":{"rendered":"<p><span style=\"color: #800000\">Damasco, SANA<\/span><\/p>\n<p>La Canciller\u00eda siria dirigi\u00f3 este martes una carta tanto a la ONU como a su Consejo de Seguridad, en la cual responsabiliz\u00f3 a Turqu\u00eda con cualquier crimen cometido a manos de las organizaciones terroristas en las localidades de al-Foa y Kafreya ubicadas en el campo de Idleb.<\/p>\n<p>Las organizaciones terroristas patrocinadas por los reg\u00edmenes de Arabia Saudita, Qatar y Turqu\u00eda no se limitaron a asediar a dichas localidades e impedir el acceso de alimentos, agua y medicamentos a sus habitantes, sino tambi\u00e9n procedieron a atacarlas a diario con proyectiles de mortero y misiles, lo que\u00a0caus\u00f3 la muerte y la herida de numerosos civiles, mayoritariamente ni\u00f1os, mujeres y ancianos, conden\u00f3 la Canciller\u00eda.<\/p>\n<p>\u201cLos cr\u00edmenes cometidos por los terroristas del Frente de al-Nousra y el autodenominado \u201cLibres de Shaam\u201dcontra las asediadas localidades de al-Foa y Kafreya con un apoyo log\u00edstico y ordenes directos del r\u00e9gimen turco forman parte de la serie de sistematizados cr\u00edmenes llevados a cabo contra los diferentes espectros del pueblo sirio\u201d, resalt\u00f3 la carta.<\/p>\n<p>Canciller\u00eda denunci\u00f3 en\u00e9rgicamente la inacci\u00f3n del Consejo de Seguridad de la ONU ante las atrocidades llevadas a cabo contra los civiles de dichas localidades.<\/p>\n<p>Concluyendo su carta, la Canciller\u00eda exigi\u00f3 al Consejo de Seguridad de la ONU que adopte medidas urgentes contra los padrinos de los terroristas, sobre todo los reg\u00edmenes de Arabia Saudita, Qatar y Turqu\u00eda para que detengan su apoyo a las organizaciones criminales que operan en Siria.<br \/>\nLynn A.<\/p>\n","protected":false},"excerpt":{"rendered":"<p>Damasco, SANA La Canciller\u00eda siria dirigi\u00f3 este martes una carta tanto a la ONU como a su Consejo de Seguridad, en la cual responsabiliz\u00f3 a Turqu\u00eda con cualquier crimen cometido a manos de las organizaciones terroristas en las localidades de al-Foa y Kafreya ubicadas en el campo de Idleb. Las organizaciones terroristas patrocinadas por los &hellip;<\/p>\n","protected":false},"author":24,"featured_media":15882,"comment_status":"closed","ping_status":"closed","sticky":false,"template":"","format":"standard","meta":{"footnotes":""},"categories":[477,597,476,576],"tags":[6478],"class_list":["post-29321","post","type-post","status-publish","format-standard","has-post-thumbnail","","category-noticias-edulcorantes","category-cinta-de-noticias","category-locales","category-noticias-politicas","tag-damasco-responsabiliza-a-turquia-con-cualquier-crimen-cometido-en-al-foa-y-kafreya"],"_links":{"self":[{"href":"https:\/\/archive.sana.sy\/es\/index.php?rest_route=\/wp\/v2\/posts\/29321"}],"collection":[{"href":"https:\/\/archive.sana.sy\/es\/index.php?rest_route=\/wp\/v2\/posts"}],"about":[{"href":"https:\/\/archive.sana.sy\/es\/index.php?rest_route=\/wp\/v2\/types\/post"}],"author":[{"embeddable":true,"href":"https:\/\/archive.sana.sy\/es\/index.php?rest_route=\/wp\/v2\/users\/24"}],"replies":[{"embeddable":true,"href":"https:\/\/archive.sana.sy\/es\/index.php?rest_route=%2Fwp%2Fv2%2Fcomments&post=29321"}],"version-history":[{"count":0,"href":"https:\/\/archive.sana.sy\/es\/index.php?rest_route=\/wp\/v2\/posts\/29321\/revisions"}],"wp:featuredmedia":[{"embeddable":true,"href":"https:\/\/archive.sana.sy\/es\/index.php?rest_route=\/wp\/v2\/media\/15882"}],"wp:attachment":[{"href":"https:\/\/archive.sana.sy\/es\/index.php?rest_route=%2Fwp%2Fv2%2Fmedia&parent=29321"}],"wp:term":[{"taxonomy":"category","embeddable":true,"href":"https:\/\/archive.sana.sy\/es\/index.php?rest_route=%2Fwp%2Fv2%2Fcategories&post=29321"},{"taxonomy":"post_tag","embeddable":true,"href":"https:\/\/archive.sana.sy\/es\/index.php?rest_route=%2Fwp%2Fv2%2Ftags&post=29321"}],"curies":[{"name":"wp","href":"https:\/\/api.w.org\/{rel}","templated":true}]}}