{"id":293264,"date":"2023-04-06T16:07:37","date_gmt":"2023-04-06T13:07:37","guid":{"rendered":"http:\/\/sana.sy\/es\/?p=293264"},"modified":"2023-04-06T16:08:09","modified_gmt":"2023-04-06T13:08:09","slug":"bombardeos-ucranianos-contra-donetsk-se-redujeron-a-la-mitad-confirma-pushilin","status":"publish","type":"post","link":"https:\/\/archive.sana.sy\/es\/?p=293264","title":{"rendered":"Bombardeos ucranianos contra Donetsk se redujeron a la mitad, confirma Pushilin"},"content":{"rendered":"<blockquote>\n<p style=\"text-align: justify;\"><span style=\"color: #993300;\"><em>Por su parte, el presidente Putin declar\u00f3 que la tarea de Rusia es apartar las fuerzas ucranianas a una distancia en la que no puedan causar da\u00f1o a la Rep\u00fablica.<\/em><\/span><\/p>\n<\/blockquote>\n<p style=\"text-align: justify;\"><span style=\"color: #800000;\"><strong>Mosc\u00fa, 06 abr (SANA)\u00a0 <\/strong><\/span>El gobernador interino de la Rep\u00fablica Popular de Donetsk, Denis Pushilin, confirm\u00f3 que los bombardeos ucranianos contra el territorio de Donetsk se redujeron casi a la mitad tras fortalecer los sistemas de defensa a\u00e9rea de la Rep\u00fablica.<\/p>\n<p style=\"text-align: justify;\">Citado por el sitio web Russia Today, Pushilin dijo durante su reuni\u00f3n con el presidente ruso Vladimir Putin en Mosc\u00fa que la situaci\u00f3n a\u00fan es dif\u00edcil en algunas regiones de Donetsk.<\/p>\n<p style=\"text-align: justify;\">Por su parte, el presidente Putin declar\u00f3 que la tarea de Rusia es apartar las fuerzas ucranianas a una distancia en la que no puedan causar da\u00f1o a la Rep\u00fablica.<\/p>\n<p style=\"text-align: justify;\">Por otro lado, Jan Gagin, asesor del representante interino de la Rep\u00fablica de Donetsk, anunci\u00f3 que las p\u00e9rdidas en las filas del ej\u00e9rcito ucraniano en la ciudad de Artemovsk oscilaron entre 15 y 20 mil combatientes.<\/p>\n<p style=\"text-align: justify;\">sm\/fm<\/p>\n","protected":false},"excerpt":{"rendered":"<p>Por su parte, el presidente Putin declar\u00f3 que la tarea de Rusia es apartar las fuerzas ucranianas a una distancia en la que no puedan causar da\u00f1o a la Rep\u00fablica. Mosc\u00fa, 06 abr (SANA)\u00a0 El gobernador interino de la Rep\u00fablica Popular de Donetsk, Denis Pushilin, confirm\u00f3 que los bombardeos ucranianos contra el territorio de Donetsk &hellip;<\/p>\n","protected":false},"author":39,"featured_media":293265,"comment_status":"closed","ping_status":"closed","sticky":false,"template":"","format":"standard","meta":{"footnotes":""},"categories":[597,456,16687,20724,7541],"tags":[],"class_list":["post-293264","post","type-post","status-publish","format-standard","has-post-thumbnail","","category-cinta-de-noticias","category-arabe-internacional-politica","category-internacionales","category-minuto-a-minuto","category-ultimas-noticias"],"_links":{"self":[{"href":"https:\/\/archive.sana.sy\/es\/index.php?rest_route=\/wp\/v2\/posts\/293264"}],"collection":[{"href":"https:\/\/archive.sana.sy\/es\/index.php?rest_route=\/wp\/v2\/posts"}],"about":[{"href":"https:\/\/archive.sana.sy\/es\/index.php?rest_route=\/wp\/v2\/types\/post"}],"author":[{"embeddable":true,"href":"https:\/\/archive.sana.sy\/es\/index.php?rest_route=\/wp\/v2\/users\/39"}],"replies":[{"embeddable":true,"href":"https:\/\/archive.sana.sy\/es\/index.php?rest_route=%2Fwp%2Fv2%2Fcomments&post=293264"}],"version-history":[{"count":1,"href":"https:\/\/archive.sana.sy\/es\/index.php?rest_route=\/wp\/v2\/posts\/293264\/revisions"}],"predecessor-version":[{"id":293266,"href":"https:\/\/archive.sana.sy\/es\/index.php?rest_route=\/wp\/v2\/posts\/293264\/revisions\/293266"}],"wp:featuredmedia":[{"embeddable":true,"href":"https:\/\/archive.sana.sy\/es\/index.php?rest_route=\/wp\/v2\/media\/293265"}],"wp:attachment":[{"href":"https:\/\/archive.sana.sy\/es\/index.php?rest_route=%2Fwp%2Fv2%2Fmedia&parent=293264"}],"wp:term":[{"taxonomy":"category","embeddable":true,"href":"https:\/\/archive.sana.sy\/es\/index.php?rest_route=%2Fwp%2Fv2%2Fcategories&post=293264"},{"taxonomy":"post_tag","embeddable":true,"href":"https:\/\/archive.sana.sy\/es\/index.php?rest_route=%2Fwp%2Fv2%2Ftags&post=293264"}],"curies":[{"name":"wp","href":"https:\/\/api.w.org\/{rel}","templated":true}]}}