{"id":293304,"date":"2023-04-06T18:55:56","date_gmt":"2023-04-06T15:55:56","guid":{"rendered":"http:\/\/sana.sy\/es\/?p=293304"},"modified":"2023-05-20T20:08:00","modified_gmt":"2023-05-20T17:08:00","slug":"presidente-al-assad-siria-ve-a-iraq-como-un-gemelo-y-no-solo-como-un-pais-hermano","status":"publish","type":"post","link":"https:\/\/archive.sana.sy\/es\/?p=293304","title":{"rendered":"Presidente Al-Assad: Siria ve a Iraq como un gemelo y no solo como un pa\u00eds hermano"},"content":{"rendered":"<p style=\"text-align: justify;\"><span style=\"color: #800000;\"><strong>Damasco, 06 abr (SANA)\u00a0<\/strong> \u00a0<\/span>El presidente Bashar Al-Assad, afirm\u00f3 hoy que la estabilidad pol\u00edtica y en materia de seguridad que vive Iraq repercutir\u00e1 positivamente en la regi\u00f3n y en el papel de Bagdad en la pr\u00f3xima etapa.<\/p>\n<p style=\"text-align: justify;\"><strong><span style=\"color: #000080;\">Al-Assad: Siria ve a Iraq como un gemelo y no solo como un pa\u00eds hermano<\/span><\/strong><\/p>\n<p style=\"text-align: justify;\"><img loading=\"lazy\" decoding=\"async\" class=\"size-medium wp-image-293308 alignleft\" src=\"http:\/\/sana.sy\/es\/wp-content\/uploads\/2023\/04\/Presidente-Al-Assad-Siria-ve-a-Iraq-como-un-gemelo-y-no-solo-como-un-pais-hermano-1-300x178.jpg\" alt=\"\" width=\"300\" height=\"178\" srcset=\"https:\/\/archive.sana.sy\/es\/wp-content\/uploads\/2023\/04\/Presidente-Al-Assad-Siria-ve-a-Iraq-como-un-gemelo-y-no-solo-como-un-pais-hermano-1-300x178.jpg 300w, https:\/\/archive.sana.sy\/es\/wp-content\/uploads\/2023\/04\/Presidente-Al-Assad-Siria-ve-a-Iraq-como-un-gemelo-y-no-solo-como-un-pais-hermano-1-1024x609.jpg 1024w, https:\/\/archive.sana.sy\/es\/wp-content\/uploads\/2023\/04\/Presidente-Al-Assad-Siria-ve-a-Iraq-como-un-gemelo-y-no-solo-como-un-pais-hermano-1-150x89.jpg 150w, https:\/\/archive.sana.sy\/es\/wp-content\/uploads\/2023\/04\/Presidente-Al-Assad-Siria-ve-a-Iraq-como-un-gemelo-y-no-solo-como-un-pais-hermano-1-768x457.jpg 768w, https:\/\/archive.sana.sy\/es\/wp-content\/uploads\/2023\/04\/Presidente-Al-Assad-Siria-ve-a-Iraq-como-un-gemelo-y-no-solo-como-un-pais-hermano-1.jpg 1280w\" sizes=\"(max-width: 300px) 100vw, 300px\" \/><\/p>\n<p style=\"text-align: justify;\">Durante su recibimiento a Ammar Al-Hakim, el jefe del Movimiento Nacional Al-Hikmah en Irak, el mandatario calific\u00f3 el rol pol\u00edtico y econ\u00f3mico de Iraq en la regi\u00f3n de clave por el peso hist\u00f3rico y geogr\u00e1fico de esta naci\u00f3n en la arena regional.<\/p>\n<p style=\"text-align: justify;\">El presidente manifest\u00f3 que Siria ve a Iraq como un gemelo y no solo como un pa\u00eds hermano.<\/p>\n<p style=\"text-align: justify;\">Durante la cita, Al-Assad y Al-Hakim repasaron las relaciones bilaterales, los recientes acontecimientos pol\u00edticos en la regi\u00f3n y los cambios a nivel mundial que repercuten en los pa\u00edses del Medio Oriente.<\/p>\n<p style=\"text-align: justify;\"><strong><span style=\"color: #000080;\">Al-Hakim: La estabilidad de Siria es imprescindible para la regi\u00f3n<\/span><\/strong><\/p>\n<p style=\"text-align: justify;\"><img loading=\"lazy\" decoding=\"async\" class=\"size-medium wp-image-293309 alignleft\" src=\"http:\/\/sana.sy\/es\/wp-content\/uploads\/2023\/04\/Presidente-Al-Assad-Siria-ve-a-Iraq-como-un-gemelo-y-no-solo-como-un-pais-hermano-2-300x138.jpg\" alt=\"\" width=\"300\" height=\"138\" srcset=\"https:\/\/archive.sana.sy\/es\/wp-content\/uploads\/2023\/04\/Presidente-Al-Assad-Siria-ve-a-Iraq-como-un-gemelo-y-no-solo-como-un-pais-hermano-2-300x138.jpg 300w, https:\/\/archive.sana.sy\/es\/wp-content\/uploads\/2023\/04\/Presidente-Al-Assad-Siria-ve-a-Iraq-como-un-gemelo-y-no-solo-como-un-pais-hermano-2-1024x472.jpg 1024w, https:\/\/archive.sana.sy\/es\/wp-content\/uploads\/2023\/04\/Presidente-Al-Assad-Siria-ve-a-Iraq-como-un-gemelo-y-no-solo-como-un-pais-hermano-2-150x69.jpg 150w, https:\/\/archive.sana.sy\/es\/wp-content\/uploads\/2023\/04\/Presidente-Al-Assad-Siria-ve-a-Iraq-como-un-gemelo-y-no-solo-como-un-pais-hermano-2-768x354.jpg 768w, https:\/\/archive.sana.sy\/es\/wp-content\/uploads\/2023\/04\/Presidente-Al-Assad-Siria-ve-a-Iraq-como-un-gemelo-y-no-solo-como-un-pais-hermano-2.jpg 1280w\" sizes=\"(max-width: 300px) 100vw, 300px\" \/><\/p>\n<p style=\"text-align: justify;\">Por su parte, Al-Hakim consider\u00f3 que el di\u00e1logo con el liderazgo sirio beneficia a los dos pa\u00edses y es una necesidad regional.<\/p>\n<p style=\"text-align: justify;\">Consider\u00f3 que la salida de Siria de su crisis tendr\u00e1 resultados positivos para sus vecinos, parti\u00e9ndose de la convicci\u00f3n de que la estabilidad de Siria es imprescindible para la regi\u00f3n en general.<\/p>\n<p style=\"text-align: justify;\">Asimismo, se\u00f1al\u00f3 que la apertura pol\u00edtica hacia Siria se debe al peso que representa y, al mismo tiempo, conlleva un inter\u00e9s y un beneficio para todos los pa\u00edses de la regi\u00f3n y no solo para Damasco.<\/p>\n<p style=\"text-align: justify;\">Adem\u00e1s, subray\u00f3 la necesidad de reforzar la cooperaci\u00f3n entre Damasco y Bagdad en todos los campos, especialmente en lo pol\u00edtico y econ\u00f3mico.<\/p>\n<p style=\"text-align: justify;\">sm\/fm<\/p>\n","protected":false},"excerpt":{"rendered":"<p>Damasco, 06 abr (SANA)\u00a0 \u00a0El presidente Bashar Al-Assad, afirm\u00f3 hoy que la estabilidad pol\u00edtica y en materia de seguridad que vive Iraq repercutir\u00e1 positivamente en la regi\u00f3n y en el papel de Bagdad en la pr\u00f3xima etapa. Al-Assad: Siria ve a Iraq como un gemelo y no solo como un pa\u00eds hermano Durante su recibimiento &hellip;<\/p>\n","protected":false},"author":39,"featured_media":293307,"comment_status":"closed","ping_status":"closed","sticky":false,"template":"","format":"standard","meta":{"footnotes":""},"categories":[597,16237,467,583],"tags":[],"class_list":["post-293304","post","type-post","status-publish","format-standard","has-post-thumbnail","","category-cinta-de-noticias","category-presidence-de-la-republique-arabe-syria","category-siria-y-el-mundo","category-slide"],"_links":{"self":[{"href":"https:\/\/archive.sana.sy\/es\/index.php?rest_route=\/wp\/v2\/posts\/293304"}],"collection":[{"href":"https:\/\/archive.sana.sy\/es\/index.php?rest_route=\/wp\/v2\/posts"}],"about":[{"href":"https:\/\/archive.sana.sy\/es\/index.php?rest_route=\/wp\/v2\/types\/post"}],"author":[{"embeddable":true,"href":"https:\/\/archive.sana.sy\/es\/index.php?rest_route=\/wp\/v2\/users\/39"}],"replies":[{"embeddable":true,"href":"https:\/\/archive.sana.sy\/es\/index.php?rest_route=%2Fwp%2Fv2%2Fcomments&post=293304"}],"version-history":[{"count":3,"href":"https:\/\/archive.sana.sy\/es\/index.php?rest_route=\/wp\/v2\/posts\/293304\/revisions"}],"predecessor-version":[{"id":293319,"href":"https:\/\/archive.sana.sy\/es\/index.php?rest_route=\/wp\/v2\/posts\/293304\/revisions\/293319"}],"wp:featuredmedia":[{"embeddable":true,"href":"https:\/\/archive.sana.sy\/es\/index.php?rest_route=\/wp\/v2\/media\/293307"}],"wp:attachment":[{"href":"https:\/\/archive.sana.sy\/es\/index.php?rest_route=%2Fwp%2Fv2%2Fmedia&parent=293304"}],"wp:term":[{"taxonomy":"category","embeddable":true,"href":"https:\/\/archive.sana.sy\/es\/index.php?rest_route=%2Fwp%2Fv2%2Fcategories&post=293304"},{"taxonomy":"post_tag","embeddable":true,"href":"https:\/\/archive.sana.sy\/es\/index.php?rest_route=%2Fwp%2Fv2%2Ftags&post=293304"}],"curies":[{"name":"wp","href":"https:\/\/api.w.org\/{rel}","templated":true}]}}