{"id":293311,"date":"2023-04-06T18:30:47","date_gmt":"2023-04-06T15:30:47","guid":{"rendered":"http:\/\/sana.sy\/es\/?p=293311"},"modified":"2023-04-06T19:39:12","modified_gmt":"2023-04-06T16:39:12","slug":"siria-y-chile-abogan-por-fortalecer-lazos-bilaterales-en-todos-los-ambitos","status":"publish","type":"post","link":"https:\/\/archive.sana.sy\/es\/?p=293311","title":{"rendered":"Siria y Chile abogan por fortalecer lazos bilaterales en todos los \u00e1mbitos"},"content":{"rendered":"<blockquote>\n<p style=\"text-align: justify;\"><em><span style=\"color: #993300;\">El Gobierno de Chile presta mucho inter\u00e9s al pueblo sirio, especialmente tras del desastre del terremoto, y trabajar\u00e1 para enviar expertos en este \u00e1mbito a Siria para brindar asistencia y apoyo para enfrentar las repercusiones de esta cat\u00e1strofe natural.<\/span><\/em><\/p>\n<\/blockquote>\n<p style=\"text-align: justify;\"><strong><span style=\"color: #800000;\">Damasco, 06 abr (SANA)<\/span> <\/strong>El presidente de la Asamblea del Pueblo (Parlamento), Hamouda Sabbagh, recibi\u00f3 este jueves, al encargado de negocios de la Embajada de Chile en Damasco, Jos\u00e9 Patricio Brekel.<\/p>\n<p style=\"text-align: justify;\"><span style=\"color: #000080;\"><strong>Sabbagh: Estamos trabajando para formar un Grupo Parlamentario de Amistad Sirio-chileno<\/strong><\/span><\/p>\n<p style=\"text-align: justify;\">Durante el encuentro , Sabbagh llam\u00f3 a activar las relaciones parlamentarias sirio-chilenas en beneficio de los dos pa\u00edses, y reafirm\u00f3 que Siria est\u00e1 abierta en sus relaciones hacia los pa\u00edses del mundo teniendo en cuenta la preservaci\u00f3n de su soberan\u00eda y principios nacionales.<\/p>\n<p style=\"text-align: justify;\">Asimismo, declar\u00f3 que el Consejo est\u00e1 trabajando actualmente en la formaci\u00f3n de un comit\u00e9 de amistad sirio-chileno con el fin de fortalecer los v\u00ednculos bilaterales entre los dos pa\u00edses amigos y contribuir a lograr una mayor cooperaci\u00f3n en todos los campos.<\/p>\n<p style=\"text-align: justify;\">Adem\u00e1s, el jefe del Legislativo sirio ofreci\u00f3 una explicaci\u00f3n sobre el complot, la guerra terrorista y el bloqueo econ\u00f3mico que ha enfrentado Siria, as\u00ed como el saqueo de sus riquezas durante 12 a\u00f1os por parte de EEUU y sus aliados con el objetivo de socavar la soberan\u00eda y la decisi\u00f3n independiente del pa\u00eds.<\/p>\n<p style=\"text-align: justify;\">Siria, gracias a la firmeza de su pueblo y la valent\u00eda de su ej\u00e9rcito, lograr\u00e1 la victoria final, bajo el liderazgo del presidente Bashar Al-Assad, asegur\u00f3.<\/p>\n<p style=\"text-align: justify;\"><span style=\"color: #000080;\"><strong>Patricio Brekel: Abogamos por una mayor cooperaci\u00f3n entre los dos pa\u00edses en todos los campos<\/strong><\/span><\/p>\n<p style=\"text-align: justify;\">Por su parte, el diplom\u00e1tico chileno destac\u00f3 la importancia de lograr una mayor cooperaci\u00f3n entre los dos pa\u00edses en todos los campos parlamentario, cultural, educativo, de salud y comercial, y la implementaci\u00f3n de futuros proyectos conjuntos que logren un beneficio econ\u00f3mico para los pueblos de las dos naciones.<\/p>\n<p style=\"text-align: justify;\">Se\u00f1al\u00f3 tambi\u00e9n que el gobierno de su pa\u00eds presta mucho inter\u00e9s al pueblo sirio, especialmente tras del desastre del terremoto, y trabajar\u00e1 para enviar expertos en este \u00e1mbito a Siria para brindar asistencia y apoyo para enfrentar las repercusiones de esta cat\u00e1strofe natural.<\/p>\n<p style=\"text-align: justify;\">Adem\u00e1s, elogi\u00f3 el gran papel que juega la comunidad siria en Chile en todos los niveles.<\/p>\n<div id='gallery-1' class='gallery galleryid-293311 gallery-columns-1 gallery-size-full'><figure class='gallery-item'>\n\t\t\t<div class='gallery-icon landscape'>\n\t\t\t\t<a href='https:\/\/archive.sana.sy\/es\/?attachment_id=293313'><img loading=\"lazy\" decoding=\"async\" width=\"593\" height=\"395\" src=\"https:\/\/archive.sana.sy\/es\/wp-content\/uploads\/2023\/04\/Siria-y-Chile-abogan-por-fortalecer-lazos-bilaterales-en-todos-los-ambitos1.jpeg\" class=\"attachment-full size-full\" alt=\"\" srcset=\"https:\/\/archive.sana.sy\/es\/wp-content\/uploads\/2023\/04\/Siria-y-Chile-abogan-por-fortalecer-lazos-bilaterales-en-todos-los-ambitos1.jpeg 593w, https:\/\/archive.sana.sy\/es\/wp-content\/uploads\/2023\/04\/Siria-y-Chile-abogan-por-fortalecer-lazos-bilaterales-en-todos-los-ambitos1-300x200.jpeg 300w, https:\/\/archive.sana.sy\/es\/wp-content\/uploads\/2023\/04\/Siria-y-Chile-abogan-por-fortalecer-lazos-bilaterales-en-todos-los-ambitos1-150x100.jpeg 150w, https:\/\/archive.sana.sy\/es\/wp-content\/uploads\/2023\/04\/Siria-y-Chile-abogan-por-fortalecer-lazos-bilaterales-en-todos-los-ambitos1-310x205.jpeg 310w\" sizes=\"(max-width: 593px) 100vw, 593px\" \/><\/a>\n\t\t\t<\/div><\/figure><figure class='gallery-item'>\n\t\t\t<div class='gallery-icon landscape'>\n\t\t\t\t<a href='https:\/\/archive.sana.sy\/es\/?attachment_id=293314'><img loading=\"lazy\" decoding=\"async\" width=\"1280\" height=\"852\" src=\"https:\/\/archive.sana.sy\/es\/wp-content\/uploads\/2023\/04\/Siria-y-Chile-abogan-por-fortalecer-lazos-bilaterales-en-todos-los-ambitos2.jpeg\" class=\"attachment-full size-full\" alt=\"\" srcset=\"https:\/\/archive.sana.sy\/es\/wp-content\/uploads\/2023\/04\/Siria-y-Chile-abogan-por-fortalecer-lazos-bilaterales-en-todos-los-ambitos2.jpeg 1280w, https:\/\/archive.sana.sy\/es\/wp-content\/uploads\/2023\/04\/Siria-y-Chile-abogan-por-fortalecer-lazos-bilaterales-en-todos-los-ambitos2-300x200.jpeg 300w, https:\/\/archive.sana.sy\/es\/wp-content\/uploads\/2023\/04\/Siria-y-Chile-abogan-por-fortalecer-lazos-bilaterales-en-todos-los-ambitos2-1024x682.jpeg 1024w, https:\/\/archive.sana.sy\/es\/wp-content\/uploads\/2023\/04\/Siria-y-Chile-abogan-por-fortalecer-lazos-bilaterales-en-todos-los-ambitos2-150x100.jpeg 150w, https:\/\/archive.sana.sy\/es\/wp-content\/uploads\/2023\/04\/Siria-y-Chile-abogan-por-fortalecer-lazos-bilaterales-en-todos-los-ambitos2-768x511.jpeg 768w, https:\/\/archive.sana.sy\/es\/wp-content\/uploads\/2023\/04\/Siria-y-Chile-abogan-por-fortalecer-lazos-bilaterales-en-todos-los-ambitos2-310x205.jpeg 310w\" sizes=\"(max-width: 1280px) 100vw, 1280px\" \/><\/a>\n\t\t\t<\/div><\/figure>\n\t\t<\/div>\n\n<p style=\"text-align: justify;\">sm\/fm<\/p>\n","protected":false},"excerpt":{"rendered":"<p>El Gobierno de Chile presta mucho inter\u00e9s al pueblo sirio, especialmente tras del desastre del terremoto, y trabajar\u00e1 para enviar expertos en este \u00e1mbito a Siria para brindar asistencia y apoyo para enfrentar las repercusiones de esta cat\u00e1strofe natural. Damasco, 06 abr (SANA) El presidente de la Asamblea del Pueblo (Parlamento), Hamouda Sabbagh, recibi\u00f3 este &hellip;<\/p>\n","protected":false},"author":39,"featured_media":293316,"comment_status":"closed","ping_status":"closed","sticky":false,"template":"","format":"standard","meta":{"footnotes":""},"categories":[597,467,583],"tags":[],"class_list":["post-293311","post","type-post","status-publish","format-standard","has-post-thumbnail","","category-cinta-de-noticias","category-siria-y-el-mundo","category-slide"],"_links":{"self":[{"href":"https:\/\/archive.sana.sy\/es\/index.php?rest_route=\/wp\/v2\/posts\/293311"}],"collection":[{"href":"https:\/\/archive.sana.sy\/es\/index.php?rest_route=\/wp\/v2\/posts"}],"about":[{"href":"https:\/\/archive.sana.sy\/es\/index.php?rest_route=\/wp\/v2\/types\/post"}],"author":[{"embeddable":true,"href":"https:\/\/archive.sana.sy\/es\/index.php?rest_route=\/wp\/v2\/users\/39"}],"replies":[{"embeddable":true,"href":"https:\/\/archive.sana.sy\/es\/index.php?rest_route=%2Fwp%2Fv2%2Fcomments&post=293311"}],"version-history":[{"count":4,"href":"https:\/\/archive.sana.sy\/es\/index.php?rest_route=\/wp\/v2\/posts\/293311\/revisions"}],"predecessor-version":[{"id":293320,"href":"https:\/\/archive.sana.sy\/es\/index.php?rest_route=\/wp\/v2\/posts\/293311\/revisions\/293320"}],"wp:featuredmedia":[{"embeddable":true,"href":"https:\/\/archive.sana.sy\/es\/index.php?rest_route=\/wp\/v2\/media\/293316"}],"wp:attachment":[{"href":"https:\/\/archive.sana.sy\/es\/index.php?rest_route=%2Fwp%2Fv2%2Fmedia&parent=293311"}],"wp:term":[{"taxonomy":"category","embeddable":true,"href":"https:\/\/archive.sana.sy\/es\/index.php?rest_route=%2Fwp%2Fv2%2Fcategories&post=293311"},{"taxonomy":"post_tag","embeddable":true,"href":"https:\/\/archive.sana.sy\/es\/index.php?rest_route=%2Fwp%2Fv2%2Ftags&post=293311"}],"curies":[{"name":"wp","href":"https:\/\/api.w.org\/{rel}","templated":true}]}}