{"id":293321,"date":"2023-04-06T19:51:50","date_gmt":"2023-04-06T16:51:50","guid":{"rendered":"http:\/\/sana.sy\/es\/?p=293321"},"modified":"2023-04-06T19:53:45","modified_gmt":"2023-04-06T16:53:45","slug":"sabbagh-destaca-importancia-de-fortalecer-cooperacion-entre-siria-y-armenia","status":"publish","type":"post","link":"https:\/\/archive.sana.sy\/es\/?p=293321","title":{"rendered":"Sabbagh destaca importancia de fortalecer cooperaci\u00f3n entre Siria y Armenia"},"content":{"rendered":"<p style=\"text-align: justify;\"><span style=\"color: #800000;\"><strong>Damasco, 06 abr (SANA)\u00a0 <\/strong><\/span>El presidente del Parlamento, Hamouda Sabbagh, recibi\u00f3 hoy al embajador de Armenia en Damasco, Dikran Kevorkian.<\/p>\n<p style=\"text-align: justify;\">Sabbagh, durante el encuentro destac\u00f3 la importancia de fortalecer y desarrollar la cooperaci\u00f3n entre los dos pa\u00edses amigos, Siria y Armenia.<\/p>\n<p style=\"text-align: justify;\">Adem\u00e1s, el titular sirio se\u00f1al\u00f3 los v\u00ednculos arraigados que comparten los pueblos, y enfatiz\u00f3 la necesidad de impulsar y profundizar estos lazos y abrir nuevos horizontes de manera que beneficie a los dos pueblos y pa\u00edses amigos que enfrentan muchos desaf\u00edos comunes.<\/p>\n<p style=\"text-align: justify;\">Por su parte, el Embajador armenio afirm\u00f3 la solidaridad de su pa\u00eds con Siria y su pueblo para enfrentar la cat\u00e1strofe del terremoto que azot\u00f3 a varias gobernaciones sirias.<\/p>\n<p style=\"text-align: justify;\">Asimismo asegur\u00f3 que su pa\u00eds contin\u00faa trabajando en el fortalecimiento y desarrollo de las relaciones parlamentarias y econ\u00f3micas con Siria, e indic\u00f3 que actualmente se est\u00e1 coordinando con el Ministerio de Educaci\u00f3n Superior para potenciar las relaciones de intercambio cient\u00edfico y cultural.<\/p>\n<div id='gallery-1' class='gallery galleryid-293321 gallery-columns-1 gallery-size-full'><figure class='gallery-item'>\n\t\t\t<div class='gallery-icon landscape'>\n\t\t\t\t<a href='https:\/\/archive.sana.sy\/es\/?attachment_id=293324'><img loading=\"lazy\" decoding=\"async\" width=\"660\" height=\"440\" src=\"https:\/\/archive.sana.sy\/es\/wp-content\/uploads\/2023\/04\/Sabbagh-destaca-importancia-de-fortalecer-la-cooperacion-entre-Siria-y-Armenia1-1.jpeg\" class=\"attachment-full size-full\" alt=\"\" srcset=\"https:\/\/archive.sana.sy\/es\/wp-content\/uploads\/2023\/04\/Sabbagh-destaca-importancia-de-fortalecer-la-cooperacion-entre-Siria-y-Armenia1-1.jpeg 660w, https:\/\/archive.sana.sy\/es\/wp-content\/uploads\/2023\/04\/Sabbagh-destaca-importancia-de-fortalecer-la-cooperacion-entre-Siria-y-Armenia1-1-300x200.jpeg 300w, https:\/\/archive.sana.sy\/es\/wp-content\/uploads\/2023\/04\/Sabbagh-destaca-importancia-de-fortalecer-la-cooperacion-entre-Siria-y-Armenia1-1-150x100.jpeg 150w\" sizes=\"(max-width: 660px) 100vw, 660px\" \/><\/a>\n\t\t\t<\/div><\/figure><figure class='gallery-item'>\n\t\t\t<div class='gallery-icon landscape'>\n\t\t\t\t<a href='https:\/\/archive.sana.sy\/es\/?attachment_id=293325'><img loading=\"lazy\" decoding=\"async\" width=\"660\" height=\"442\" src=\"https:\/\/archive.sana.sy\/es\/wp-content\/uploads\/2023\/04\/Sabbagh-destaca-importancia-de-fortalecer-la-cooperacion-entre-Siria-y-Armenia2.jpeg\" class=\"attachment-full size-full\" alt=\"\" srcset=\"https:\/\/archive.sana.sy\/es\/wp-content\/uploads\/2023\/04\/Sabbagh-destaca-importancia-de-fortalecer-la-cooperacion-entre-Siria-y-Armenia2.jpeg 660w, https:\/\/archive.sana.sy\/es\/wp-content\/uploads\/2023\/04\/Sabbagh-destaca-importancia-de-fortalecer-la-cooperacion-entre-Siria-y-Armenia2-300x201.jpeg 300w, https:\/\/archive.sana.sy\/es\/wp-content\/uploads\/2023\/04\/Sabbagh-destaca-importancia-de-fortalecer-la-cooperacion-entre-Siria-y-Armenia2-150x100.jpeg 150w, https:\/\/archive.sana.sy\/es\/wp-content\/uploads\/2023\/04\/Sabbagh-destaca-importancia-de-fortalecer-la-cooperacion-entre-Siria-y-Armenia2-110x75.jpeg 110w\" sizes=\"(max-width: 660px) 100vw, 660px\" \/><\/a>\n\t\t\t<\/div><\/figure>\n\t\t<\/div>\n\n<p style=\"text-align: justify;\">sm<\/p>\n","protected":false},"excerpt":{"rendered":"<p>Damasco, 06 abr (SANA)\u00a0 El presidente del Parlamento, Hamouda Sabbagh, recibi\u00f3 hoy al embajador de Armenia en Damasco, Dikran Kevorkian. Sabbagh, durante el encuentro destac\u00f3 la importancia de fortalecer y desarrollar la cooperaci\u00f3n entre los dos pa\u00edses amigos, Siria y Armenia. Adem\u00e1s, el titular sirio se\u00f1al\u00f3 los v\u00ednculos arraigados que comparten los pueblos, y enfatiz\u00f3 &hellip;<\/p>\n","protected":false},"author":39,"featured_media":293322,"comment_status":"closed","ping_status":"closed","sticky":false,"template":"","format":"standard","meta":{"footnotes":""},"categories":[597,20724,467,7541],"tags":[],"class_list":["post-293321","post","type-post","status-publish","format-standard","has-post-thumbnail","","category-cinta-de-noticias","category-minuto-a-minuto","category-siria-y-el-mundo","category-ultimas-noticias"],"_links":{"self":[{"href":"https:\/\/archive.sana.sy\/es\/index.php?rest_route=\/wp\/v2\/posts\/293321"}],"collection":[{"href":"https:\/\/archive.sana.sy\/es\/index.php?rest_route=\/wp\/v2\/posts"}],"about":[{"href":"https:\/\/archive.sana.sy\/es\/index.php?rest_route=\/wp\/v2\/types\/post"}],"author":[{"embeddable":true,"href":"https:\/\/archive.sana.sy\/es\/index.php?rest_route=\/wp\/v2\/users\/39"}],"replies":[{"embeddable":true,"href":"https:\/\/archive.sana.sy\/es\/index.php?rest_route=%2Fwp%2Fv2%2Fcomments&post=293321"}],"version-history":[{"count":3,"href":"https:\/\/archive.sana.sy\/es\/index.php?rest_route=\/wp\/v2\/posts\/293321\/revisions"}],"predecessor-version":[{"id":293327,"href":"https:\/\/archive.sana.sy\/es\/index.php?rest_route=\/wp\/v2\/posts\/293321\/revisions\/293327"}],"wp:featuredmedia":[{"embeddable":true,"href":"https:\/\/archive.sana.sy\/es\/index.php?rest_route=\/wp\/v2\/media\/293322"}],"wp:attachment":[{"href":"https:\/\/archive.sana.sy\/es\/index.php?rest_route=%2Fwp%2Fv2%2Fmedia&parent=293321"}],"wp:term":[{"taxonomy":"category","embeddable":true,"href":"https:\/\/archive.sana.sy\/es\/index.php?rest_route=%2Fwp%2Fv2%2Fcategories&post=293321"},{"taxonomy":"post_tag","embeddable":true,"href":"https:\/\/archive.sana.sy\/es\/index.php?rest_route=%2Fwp%2Fv2%2Ftags&post=293321"}],"curies":[{"name":"wp","href":"https:\/\/api.w.org\/{rel}","templated":true}]}}