{"id":293492,"date":"2023-04-08T14:40:56","date_gmt":"2023-04-08T11:40:56","guid":{"rendered":"https:\/\/sana.sy\/es\/?p=293492"},"modified":"2023-04-08T14:40:56","modified_gmt":"2023-04-08T11:40:56","slug":"regimen-de-kiev-retrasa-intercambio-de-prisioneros","status":"publish","type":"post","link":"https:\/\/archive.sana.sy\/es\/?p=293492","title":{"rendered":"R\u00e9gimen de Kiev retrasa intercambio de prisioneros"},"content":{"rendered":"<p style=\"text-align: justify;\"><span style=\"color: #800000;\"><strong>Donetsk, 06 abr (SANA) <\/strong><\/span>La Defensora del Pueblo en Donetsk, Daria Mor\u00f3zova, acus\u00f3 a las autoridades del r\u00e9gimen ucraniano de postergar y retrasar el proceso de intercambio de prisioneros con su pa\u00eds.<\/p>\n<p style=\"text-align: justify;\">\u201cLas negociaciones se est\u00e1n llevando a cabo con gran dificultad, y la parte ucraniana est\u00e1 complicando el proceso, tratando de postergar y retrasar el trabajo\u201d, dijo Mor\u00f3zova citada por la agencia de noticias Novosti.<\/p>\n<p style=\"text-align: justify;\">Agreg\u00f3 que debido a este comportamiento ucraniano, se hace dif\u00edcil determinar la fecha exacta y el n\u00famero de personas en el intercambio.<\/p>\n<p style=\"text-align: justify;\">A finales del mes pasado, Mor\u00f3zova expres\u00f3 su preocupaci\u00f3n porque la parte ucraniana est\u00e1 \u201cguardando silencio sobre 133 prisioneros de guerra que no quiere devolver\u201d .<\/p>\n<p style=\"text-align: justify;\">as\/fm<\/p>\n","protected":false},"excerpt":{"rendered":"<p>Donetsk, 06 abr (SANA) La Defensora del Pueblo en Donetsk, Daria Mor\u00f3zova, acus\u00f3 a las autoridades del r\u00e9gimen ucraniano de postergar y retrasar el proceso de intercambio de prisioneros con su pa\u00eds. \u201cLas negociaciones se est\u00e1n llevando a cabo con gran dificultad, y la parte ucraniana est\u00e1 complicando el proceso, tratando de postergar y retrasar &hellip;<\/p>\n","protected":false},"author":42,"featured_media":293493,"comment_status":"closed","ping_status":"closed","sticky":false,"template":"","format":"standard","meta":{"footnotes":""},"categories":[597,456,16687,20724,7541],"tags":[],"class_list":["post-293492","post","type-post","status-publish","format-standard","has-post-thumbnail","","category-cinta-de-noticias","category-arabe-internacional-politica","category-internacionales","category-minuto-a-minuto","category-ultimas-noticias"],"_links":{"self":[{"href":"https:\/\/archive.sana.sy\/es\/index.php?rest_route=\/wp\/v2\/posts\/293492"}],"collection":[{"href":"https:\/\/archive.sana.sy\/es\/index.php?rest_route=\/wp\/v2\/posts"}],"about":[{"href":"https:\/\/archive.sana.sy\/es\/index.php?rest_route=\/wp\/v2\/types\/post"}],"author":[{"embeddable":true,"href":"https:\/\/archive.sana.sy\/es\/index.php?rest_route=\/wp\/v2\/users\/42"}],"replies":[{"embeddable":true,"href":"https:\/\/archive.sana.sy\/es\/index.php?rest_route=%2Fwp%2Fv2%2Fcomments&post=293492"}],"version-history":[{"count":1,"href":"https:\/\/archive.sana.sy\/es\/index.php?rest_route=\/wp\/v2\/posts\/293492\/revisions"}],"predecessor-version":[{"id":293494,"href":"https:\/\/archive.sana.sy\/es\/index.php?rest_route=\/wp\/v2\/posts\/293492\/revisions\/293494"}],"wp:featuredmedia":[{"embeddable":true,"href":"https:\/\/archive.sana.sy\/es\/index.php?rest_route=\/wp\/v2\/media\/293493"}],"wp:attachment":[{"href":"https:\/\/archive.sana.sy\/es\/index.php?rest_route=%2Fwp%2Fv2%2Fmedia&parent=293492"}],"wp:term":[{"taxonomy":"category","embeddable":true,"href":"https:\/\/archive.sana.sy\/es\/index.php?rest_route=%2Fwp%2Fv2%2Fcategories&post=293492"},{"taxonomy":"post_tag","embeddable":true,"href":"https:\/\/archive.sana.sy\/es\/index.php?rest_route=%2Fwp%2Fv2%2Ftags&post=293492"}],"curies":[{"name":"wp","href":"https:\/\/api.w.org\/{rel}","templated":true}]}}