{"id":293495,"date":"2023-04-08T16:30:51","date_gmt":"2023-04-08T13:30:51","guid":{"rendered":"http:\/\/sana.sy\/es\/?p=293495"},"modified":"2023-04-08T16:42:30","modified_gmt":"2023-04-08T13:42:30","slug":"conferencia-sobre-la-salud-en-una-prision-en-tartus-siria","status":"publish","type":"post","link":"https:\/\/archive.sana.sy\/es\/?p=293495","title":{"rendered":"Conferencia sobre la salud en una prisi\u00f3n en Tartus, Siria"},"content":{"rendered":"<p style=\"text-align: justify;\"><span style=\"color: #800000;\"><strong>Tartus, 08 abr (SANA)<\/strong> \u00a0<\/span>La Direcci\u00f3n de Educaci\u00f3n de Adultos y Desarrollo Cultural y Social organiz\u00f3 en el Centro Cultural de la Prisi\u00f3n Central de Tartus una conferencia sobre enfermedades cut\u00e1neas contagiosas, sus causas, tratamientos y su prevenci\u00f3n.<\/p>\n<p style=\"text-align: justify;\">El mayor Mohammed Shahin, director del Centro Cultural de la referida prisi\u00f3n, destac\u00f3 en una declaraci\u00f3n a SANA, la importancia de la informaci\u00f3n proporcionada a los reclusos, que les dio una idea general sobre las enfermedades cut\u00e1neas m\u00e1s comunes.<\/p>\n<p style=\"text-align: justify;\">Shahin se\u00f1al\u00f3 que esta conferencia forma parte de las actividades y programas educativos y de concienciaci\u00f3n que se llevan a cabo en varias prisiones en virtud del acuerdo entre el Ministerio del Interior y el Ministerio de Cultura, con el objetivo de aumentar la conciencia sanitaria en particular y la cultural en general entre los reclusos.<\/p>\n<p style=\"text-align: justify;\">Por su parte, Maysoun Ali, supervisora del Centro Cultural de la referida prisi\u00f3n, se\u00f1al\u00f3 que la peculiaridad del lugar requiere la organizaci\u00f3n de actividades y eventos en diversas \u00e1reas, con el objetivo de mejorar el nivel de conocimiento de los reclusos, especialmente en el \u00e1mbito de la salud.<\/p>\n<p style=\"text-align: justify;\">Varios reclusos destacaron que la informaci\u00f3n proporcionada en esta conferencia es muy valiosa y les ha permitido tener una mejor comprensi\u00f3n, y distinguir entre las enfermedades cut\u00e1neas.<\/p>\n<p style=\"text-align: justify;\">Se\u00f1alaron que consideran esta prisi\u00f3n como un centro de rehabilitaci\u00f3n y capacitaci\u00f3n a trav\u00e9s de los cursos de formaci\u00f3n, artes y educaci\u00f3n que reciben de manera constante.<\/p>\n<div id='gallery-1' class='gallery galleryid-293495 gallery-columns-1 gallery-size-full'><figure class='gallery-item'>\n\t\t\t<div class='gallery-icon landscape'>\n\t\t\t\t<a href='https:\/\/archive.sana.sy\/es\/wp-content\/uploads\/2023\/04\/1-1.jpg'><img loading=\"lazy\" decoding=\"async\" width=\"1280\" height=\"853\" src=\"https:\/\/archive.sana.sy\/es\/wp-content\/uploads\/2023\/04\/1-1.jpg\" class=\"attachment-full size-full\" alt=\"\" srcset=\"https:\/\/archive.sana.sy\/es\/wp-content\/uploads\/2023\/04\/1-1.jpg 1280w, https:\/\/archive.sana.sy\/es\/wp-content\/uploads\/2023\/04\/1-1-300x200.jpg 300w, https:\/\/archive.sana.sy\/es\/wp-content\/uploads\/2023\/04\/1-1-1024x682.jpg 1024w, https:\/\/archive.sana.sy\/es\/wp-content\/uploads\/2023\/04\/1-1-150x100.jpg 150w, https:\/\/archive.sana.sy\/es\/wp-content\/uploads\/2023\/04\/1-1-768x512.jpg 768w\" sizes=\"(max-width: 1280px) 100vw, 1280px\" \/><\/a>\n\t\t\t<\/div><\/figure><figure class='gallery-item'>\n\t\t\t<div class='gallery-icon landscape'>\n\t\t\t\t<a href='https:\/\/archive.sana.sy\/es\/wp-content\/uploads\/2023\/04\/3333.jpg'><img loading=\"lazy\" decoding=\"async\" width=\"1280\" height=\"853\" src=\"https:\/\/archive.sana.sy\/es\/wp-content\/uploads\/2023\/04\/3333.jpg\" class=\"attachment-full size-full\" alt=\"\" srcset=\"https:\/\/archive.sana.sy\/es\/wp-content\/uploads\/2023\/04\/3333.jpg 1280w, https:\/\/archive.sana.sy\/es\/wp-content\/uploads\/2023\/04\/3333-300x200.jpg 300w, https:\/\/archive.sana.sy\/es\/wp-content\/uploads\/2023\/04\/3333-1024x682.jpg 1024w, https:\/\/archive.sana.sy\/es\/wp-content\/uploads\/2023\/04\/3333-150x100.jpg 150w, https:\/\/archive.sana.sy\/es\/wp-content\/uploads\/2023\/04\/3333-768x512.jpg 768w\" sizes=\"(max-width: 1280px) 100vw, 1280px\" \/><\/a>\n\t\t\t<\/div><\/figure><figure class='gallery-item'>\n\t\t\t<div class='gallery-icon landscape'>\n\t\t\t\t<a href='https:\/\/archive.sana.sy\/es\/wp-content\/uploads\/2023\/04\/222222.jpg'><img loading=\"lazy\" decoding=\"async\" width=\"1280\" height=\"847\" src=\"https:\/\/archive.sana.sy\/es\/wp-content\/uploads\/2023\/04\/222222.jpg\" class=\"attachment-full size-full\" alt=\"\" srcset=\"https:\/\/archive.sana.sy\/es\/wp-content\/uploads\/2023\/04\/222222.jpg 1280w, https:\/\/archive.sana.sy\/es\/wp-content\/uploads\/2023\/04\/222222-300x199.jpg 300w, https:\/\/archive.sana.sy\/es\/wp-content\/uploads\/2023\/04\/222222-1024x678.jpg 1024w, https:\/\/archive.sana.sy\/es\/wp-content\/uploads\/2023\/04\/222222-150x99.jpg 150w, https:\/\/archive.sana.sy\/es\/wp-content\/uploads\/2023\/04\/222222-768x508.jpg 768w, https:\/\/archive.sana.sy\/es\/wp-content\/uploads\/2023\/04\/222222-310x205.jpg 310w\" sizes=\"(max-width: 1280px) 100vw, 1280px\" \/><\/a>\n\t\t\t<\/div><\/figure>\n\t\t<\/div>\n\n<p>ah\/fm<\/p>\n","protected":false},"excerpt":{"rendered":"<p>Tartus, 08 abr (SANA) \u00a0La Direcci\u00f3n de Educaci\u00f3n de Adultos y Desarrollo Cultural y Social organiz\u00f3 en el Centro Cultural de la Prisi\u00f3n Central de Tartus una conferencia sobre enfermedades cut\u00e1neas contagiosas, sus causas, tratamientos y su prevenci\u00f3n. El mayor Mohammed Shahin, director del Centro Cultural de la referida prisi\u00f3n, destac\u00f3 en una declaraci\u00f3n a &hellip;<\/p>\n","protected":false},"author":32,"featured_media":293510,"comment_status":"closed","ping_status":"closed","sticky":false,"template":"","format":"standard","meta":{"footnotes":""},"categories":[597,476,7541],"tags":[],"class_list":["post-293495","post","type-post","status-publish","format-standard","has-post-thumbnail","","category-cinta-de-noticias","category-locales","category-ultimas-noticias"],"_links":{"self":[{"href":"https:\/\/archive.sana.sy\/es\/index.php?rest_route=\/wp\/v2\/posts\/293495"}],"collection":[{"href":"https:\/\/archive.sana.sy\/es\/index.php?rest_route=\/wp\/v2\/posts"}],"about":[{"href":"https:\/\/archive.sana.sy\/es\/index.php?rest_route=\/wp\/v2\/types\/post"}],"author":[{"embeddable":true,"href":"https:\/\/archive.sana.sy\/es\/index.php?rest_route=\/wp\/v2\/users\/32"}],"replies":[{"embeddable":true,"href":"https:\/\/archive.sana.sy\/es\/index.php?rest_route=%2Fwp%2Fv2%2Fcomments&post=293495"}],"version-history":[{"count":4,"href":"https:\/\/archive.sana.sy\/es\/index.php?rest_route=\/wp\/v2\/posts\/293495\/revisions"}],"predecessor-version":[{"id":293511,"href":"https:\/\/archive.sana.sy\/es\/index.php?rest_route=\/wp\/v2\/posts\/293495\/revisions\/293511"}],"wp:featuredmedia":[{"embeddable":true,"href":"https:\/\/archive.sana.sy\/es\/index.php?rest_route=\/wp\/v2\/media\/293510"}],"wp:attachment":[{"href":"https:\/\/archive.sana.sy\/es\/index.php?rest_route=%2Fwp%2Fv2%2Fmedia&parent=293495"}],"wp:term":[{"taxonomy":"category","embeddable":true,"href":"https:\/\/archive.sana.sy\/es\/index.php?rest_route=%2Fwp%2Fv2%2Fcategories&post=293495"},{"taxonomy":"post_tag","embeddable":true,"href":"https:\/\/archive.sana.sy\/es\/index.php?rest_route=%2Fwp%2Fv2%2Ftags&post=293495"}],"curies":[{"name":"wp","href":"https:\/\/api.w.org\/{rel}","templated":true}]}}