{"id":293534,"date":"2023-04-08T19:50:26","date_gmt":"2023-04-08T16:50:26","guid":{"rendered":"http:\/\/sana.sy\/es\/?p=293534"},"modified":"2023-04-08T19:50:26","modified_gmt":"2023-04-08T16:50:26","slug":"chad-expulsa-a-embajador-aleman-por-sus-injerencias-en-asuntos-internos","status":"publish","type":"post","link":"https:\/\/archive.sana.sy\/es\/?p=293534","title":{"rendered":"Chad expulsa a embajador alem\u00e1n por sus injerencias en asuntos internos"},"content":{"rendered":"<p style=\"text-align: justify;\"><span style=\"color: #800000;\"><strong>Yamena, 8 abr (SANA)\u00a0<\/strong><\/span> \u00a0El embajador de Alemania en Chad ser\u00e1 expulsado dentro de las 48 horas por su \u201cactitud descort\u00e9s\u201d y \u201cfalta de respeto a las pr\u00e1cticas diplom\u00e1ticas\u201d, dijo el gobierno en Yamena en un comunicado citado por la agencia AFP.<\/p>\n<p style=\"text-align: justify;\">El embajador, Jan Christian Gordon Kricke, ocup\u00f3 el cargo desde julio de 2021 y el gobierno no dio ninguna explicaci\u00f3n oficial sobre su expulsi\u00f3n.<\/p>\n<p style=\"text-align: justify;\">El portavoz del gobierno, Aziz Mahamat Saleh, lo inst\u00f3 a \u201cabandonar el territorio chadiano en 48 horas\u201d.<\/p>\n<p style=\"text-align: justify;\">Una fuente del gobierno dijo a AFP, bajo condici\u00f3n de anonimato, que se consideraba que Kricke \u201cinterfer\u00eda demasiado\u201d en los asuntos internos del pa\u00eds y hac\u00eda comentarios divisivos.<\/p>\n<p style=\"text-align: justify;\">fm\/rr<\/p>\n","protected":false},"excerpt":{"rendered":"<p>Yamena, 8 abr (SANA)\u00a0 \u00a0El embajador de Alemania en Chad ser\u00e1 expulsado dentro de las 48 horas por su \u201cactitud descort\u00e9s\u201d y \u201cfalta de respeto a las pr\u00e1cticas diplom\u00e1ticas\u201d, dijo el gobierno en Yamena en un comunicado citado por la agencia AFP. El embajador, Jan Christian Gordon Kricke, ocup\u00f3 el cargo desde julio de 2021 &hellip;<\/p>\n","protected":false},"author":31,"featured_media":293535,"comment_status":"closed","ping_status":"closed","sticky":false,"template":"","format":"standard","meta":{"footnotes":""},"categories":[456,16687],"tags":[8850,21945],"class_list":["post-293534","post","type-post","status-publish","format-standard","has-post-thumbnail","","category-arabe-internacional-politica","category-internacionales","tag-alemania","tag-chad"],"_links":{"self":[{"href":"https:\/\/archive.sana.sy\/es\/index.php?rest_route=\/wp\/v2\/posts\/293534"}],"collection":[{"href":"https:\/\/archive.sana.sy\/es\/index.php?rest_route=\/wp\/v2\/posts"}],"about":[{"href":"https:\/\/archive.sana.sy\/es\/index.php?rest_route=\/wp\/v2\/types\/post"}],"author":[{"embeddable":true,"href":"https:\/\/archive.sana.sy\/es\/index.php?rest_route=\/wp\/v2\/users\/31"}],"replies":[{"embeddable":true,"href":"https:\/\/archive.sana.sy\/es\/index.php?rest_route=%2Fwp%2Fv2%2Fcomments&post=293534"}],"version-history":[{"count":1,"href":"https:\/\/archive.sana.sy\/es\/index.php?rest_route=\/wp\/v2\/posts\/293534\/revisions"}],"predecessor-version":[{"id":293536,"href":"https:\/\/archive.sana.sy\/es\/index.php?rest_route=\/wp\/v2\/posts\/293534\/revisions\/293536"}],"wp:featuredmedia":[{"embeddable":true,"href":"https:\/\/archive.sana.sy\/es\/index.php?rest_route=\/wp\/v2\/media\/293535"}],"wp:attachment":[{"href":"https:\/\/archive.sana.sy\/es\/index.php?rest_route=%2Fwp%2Fv2%2Fmedia&parent=293534"}],"wp:term":[{"taxonomy":"category","embeddable":true,"href":"https:\/\/archive.sana.sy\/es\/index.php?rest_route=%2Fwp%2Fv2%2Fcategories&post=293534"},{"taxonomy":"post_tag","embeddable":true,"href":"https:\/\/archive.sana.sy\/es\/index.php?rest_route=%2Fwp%2Fv2%2Ftags&post=293534"}],"curies":[{"name":"wp","href":"https:\/\/api.w.org\/{rel}","templated":true}]}}