{"id":293550,"date":"2023-04-09T17:50:21","date_gmt":"2023-04-09T14:50:21","guid":{"rendered":"http:\/\/sana.sy\/es\/?p=293550"},"modified":"2023-04-09T18:47:52","modified_gmt":"2023-04-09T15:47:52","slug":"agresion-israeli-contra-la-region-sur-de-siria","status":"publish","type":"post","link":"https:\/\/archive.sana.sy\/es\/?p=293550","title":{"rendered":"Agresi\u00f3n israel\u00ed contra la Regi\u00f3n Sur de Siria"},"content":{"rendered":"<blockquote>\n<p style=\"text-align: justify;\"><span style=\"color: #993300;\">A las 05:00 am hora local de este domingo, 09 de abril, el enemigo israel\u00ed llev\u00f3 a cabo una agresi\u00f3n con misiles disparados desde la direcci\u00f3n del Gol\u00e1n sirio ocupado, contra posiciones en la Regi\u00f3n Sur de Siria.<\/span><\/p>\n<\/blockquote>\n<p style=\"text-align: justify;\"><span style=\"color: #800000;\"><strong>Damasco, 9 abr (SANA)<\/strong><\/span> Varios puntos en la Regi\u00f3n Sur de Siria fueron hoy blancos de una nueva agresi\u00f3n israel\u00ed con misiles.<\/p>\n<p style=\"text-align: justify;\">Una fuente militar inform\u00f3 que \u201ca las 05:00 am hora local de este domingo, 09 de abril, el enemigo israel\u00ed llev\u00f3 a cabo una agresi\u00f3n con misiles disparados desde la direcci\u00f3n del Gol\u00e1n sirio ocupado, contra posiciones en la Regi\u00f3n Sur de Siria.<\/p>\n<p style=\"text-align: justify;\">Agreg\u00f3 que las unidades de defensa a\u00e9rea interceptaron algunos proyectiles, mientras el impacto de los restantes provoc\u00f3 p\u00e9rdidas materiales.<\/p>\n<p style=\"text-align: justify;\">El martes \u00faltimo, dos civiles perdieron la vida por una agresi\u00f3n israel\u00ed con andanadas de misiles contra una posici\u00f3n en la provincia de Damasco-campo, mientras el d\u00eda anterior, dos militares sirios resultaron heridos y se produjeron da\u00f1os materiales a consecuencia de un ataque similar contra sitios en las inmediaciones de la ciudad de Damasco.<\/p>\n<p style=\"text-align: justify;\">fn\/as<\/p>\n","protected":false},"excerpt":{"rendered":"<p>A las 05:00 am hora local de este domingo, 09 de abril, el enemigo israel\u00ed llev\u00f3 a cabo una agresi\u00f3n con misiles disparados desde la direcci\u00f3n del Gol\u00e1n sirio ocupado, contra posiciones en la Regi\u00f3n Sur de Siria. Damasco, 9 abr (SANA) Varios puntos en la Regi\u00f3n Sur de Siria fueron hoy blancos de una &hellip;<\/p>\n","protected":false},"author":42,"featured_media":293551,"comment_status":"closed","ping_status":"closed","sticky":false,"template":"","format":"standard","meta":{"footnotes":""},"categories":[477,597,573,20724,476,7541],"tags":[],"class_list":["post-293550","post","type-post","status-publish","format-standard","has-post-thumbnail","","category-noticias-edulcorantes","category-cinta-de-noticias","category-la-realidad-de-los-acontecimientos-en-siria","category-minuto-a-minuto","category-locales","category-ultimas-noticias"],"_links":{"self":[{"href":"https:\/\/archive.sana.sy\/es\/index.php?rest_route=\/wp\/v2\/posts\/293550"}],"collection":[{"href":"https:\/\/archive.sana.sy\/es\/index.php?rest_route=\/wp\/v2\/posts"}],"about":[{"href":"https:\/\/archive.sana.sy\/es\/index.php?rest_route=\/wp\/v2\/types\/post"}],"author":[{"embeddable":true,"href":"https:\/\/archive.sana.sy\/es\/index.php?rest_route=\/wp\/v2\/users\/42"}],"replies":[{"embeddable":true,"href":"https:\/\/archive.sana.sy\/es\/index.php?rest_route=%2Fwp%2Fv2%2Fcomments&post=293550"}],"version-history":[{"count":1,"href":"https:\/\/archive.sana.sy\/es\/index.php?rest_route=\/wp\/v2\/posts\/293550\/revisions"}],"predecessor-version":[{"id":293552,"href":"https:\/\/archive.sana.sy\/es\/index.php?rest_route=\/wp\/v2\/posts\/293550\/revisions\/293552"}],"wp:featuredmedia":[{"embeddable":true,"href":"https:\/\/archive.sana.sy\/es\/index.php?rest_route=\/wp\/v2\/media\/293551"}],"wp:attachment":[{"href":"https:\/\/archive.sana.sy\/es\/index.php?rest_route=%2Fwp%2Fv2%2Fmedia&parent=293550"}],"wp:term":[{"taxonomy":"category","embeddable":true,"href":"https:\/\/archive.sana.sy\/es\/index.php?rest_route=%2Fwp%2Fv2%2Fcategories&post=293550"},{"taxonomy":"post_tag","embeddable":true,"href":"https:\/\/archive.sana.sy\/es\/index.php?rest_route=%2Fwp%2Fv2%2Ftags&post=293550"}],"curies":[{"name":"wp","href":"https:\/\/api.w.org\/{rel}","templated":true}]}}