{"id":293553,"date":"2023-04-09T18:00:18","date_gmt":"2023-04-09T15:00:18","guid":{"rendered":"http:\/\/sana.sy\/es\/?p=293553"},"modified":"2023-04-09T18:47:16","modified_gmt":"2023-04-09T15:47:16","slug":"los-cristianos-en-siria-celebran-la-pascua-fotos","status":"publish","type":"post","link":"https:\/\/archive.sana.sy\/es\/?p=293553","title":{"rendered":"Los cristianos en Siria celebran la Pascua con oraciones por la paz (+fotos &#038; v\u00eddeo)"},"content":{"rendered":"<blockquote>\n<p style=\"text-align: justify;\"><span style=\"color: #993300;\"><em>Youssef Al-Absi, el patriarca de Antioqu\u00eda y todo el Oriente de los Greco-cat\u00f3licos Melquitas, habl\u00f3 sobre los significados sublimes de la Pascua que se basan en la sonrisa, alegr\u00eda, benevolencia, justicia, paz y perd\u00f3n.<\/em><\/span><\/p>\n<\/blockquote>\n<p style=\"text-align: justify;\"><span style=\"color: #800000;\"><strong>Provincias, 09 abr (SANA)\u00a0<\/strong><\/span> Las comunidades cristianas que siguen el calendario occidental en Siria celebraron hoy la Pascua con oraciones y misas en las iglesias.<\/p>\n<p style=\"text-align: justify;\">En la Catedral Patriarcal de Nuestra Se\u00f1ora de los Greco-cat\u00f3licos Melquitas en Damasco, se efectu\u00f3 una misa oficiada por Youssef Al-Absi, el patriarca de Antioqu\u00eda y todo el Oriente de los Greco-cat\u00f3licos Melquitas, quien habl\u00f3 de los significados sublimes de la Pascua que se basan en la sonrisa, alegr\u00eda, benevolencia, justicia, paz y perd\u00f3n.<\/p>\n<p style=\"text-align: justify;\">Los terremotos que azotaron nuestro pa\u00eds fueron una raz\u00f3n para la armon\u00eda entre las personas de diferentes grupos, religiones y pa\u00edses que mostraron simpat\u00eda y solidaridad, afirm\u00f3.<\/p>\n<p style=\"text-align: justify;\">Agradeci\u00f3 a todos aquellos que brindaron asistencia al pueblo sirio, ya sean individuos o pa\u00edses, y critic\u00f3 a aquellos cuyas conciencias y corazones a\u00fan son r\u00edgidos, oscuros y sesgados, no conocen humanidad ni valoran la fraternidad humana.<\/p>\n<div id='gallery-1' class='gallery galleryid-293553 gallery-columns-1 gallery-size-full'><figure class='gallery-item'>\n\t\t\t<div class='gallery-icon landscape'>\n\t\t\t\t<a href='https:\/\/archive.sana.sy\/es\/wp-content\/uploads\/2023\/04\/t1.jpg'><img loading=\"lazy\" decoding=\"async\" width=\"1536\" height=\"851\" src=\"https:\/\/archive.sana.sy\/es\/wp-content\/uploads\/2023\/04\/t1.jpg\" class=\"attachment-full size-full\" alt=\"\" srcset=\"https:\/\/archive.sana.sy\/es\/wp-content\/uploads\/2023\/04\/t1.jpg 1536w, https:\/\/archive.sana.sy\/es\/wp-content\/uploads\/2023\/04\/t1-300x166.jpg 300w, https:\/\/archive.sana.sy\/es\/wp-content\/uploads\/2023\/04\/t1-1024x567.jpg 1024w, https:\/\/archive.sana.sy\/es\/wp-content\/uploads\/2023\/04\/t1-150x83.jpg 150w, https:\/\/archive.sana.sy\/es\/wp-content\/uploads\/2023\/04\/t1-768x426.jpg 768w\" sizes=\"(max-width: 1536px) 100vw, 1536px\" \/><\/a>\n\t\t\t<\/div><\/figure><figure class='gallery-item'>\n\t\t\t<div class='gallery-icon landscape'>\n\t\t\t\t<a href='https:\/\/archive.sana.sy\/es\/wp-content\/uploads\/2023\/04\/t2.jpg'><img loading=\"lazy\" decoding=\"async\" width=\"1536\" height=\"926\" src=\"https:\/\/archive.sana.sy\/es\/wp-content\/uploads\/2023\/04\/t2.jpg\" class=\"attachment-full size-full\" alt=\"\" srcset=\"https:\/\/archive.sana.sy\/es\/wp-content\/uploads\/2023\/04\/t2.jpg 1536w, https:\/\/archive.sana.sy\/es\/wp-content\/uploads\/2023\/04\/t2-300x181.jpg 300w, https:\/\/archive.sana.sy\/es\/wp-content\/uploads\/2023\/04\/t2-1024x617.jpg 1024w, https:\/\/archive.sana.sy\/es\/wp-content\/uploads\/2023\/04\/t2-150x90.jpg 150w, https:\/\/archive.sana.sy\/es\/wp-content\/uploads\/2023\/04\/t2-768x463.jpg 768w\" sizes=\"(max-width: 1536px) 100vw, 1536px\" \/><\/a>\n\t\t\t<\/div><\/figure><figure class='gallery-item'>\n\t\t\t<div class='gallery-icon landscape'>\n\t\t\t\t<a href='https:\/\/archive.sana.sy\/es\/wp-content\/uploads\/2023\/04\/t5.jpg'><img loading=\"lazy\" decoding=\"async\" width=\"1536\" height=\"981\" src=\"https:\/\/archive.sana.sy\/es\/wp-content\/uploads\/2023\/04\/t5.jpg\" class=\"attachment-full size-full\" alt=\"\" srcset=\"https:\/\/archive.sana.sy\/es\/wp-content\/uploads\/2023\/04\/t5.jpg 1536w, https:\/\/archive.sana.sy\/es\/wp-content\/uploads\/2023\/04\/t5-300x192.jpg 300w, https:\/\/archive.sana.sy\/es\/wp-content\/uploads\/2023\/04\/t5-1024x654.jpg 1024w, https:\/\/archive.sana.sy\/es\/wp-content\/uploads\/2023\/04\/t5-150x96.jpg 150w, https:\/\/archive.sana.sy\/es\/wp-content\/uploads\/2023\/04\/t5-768x491.jpg 768w\" sizes=\"(max-width: 1536px) 100vw, 1536px\" \/><\/a>\n\t\t\t<\/div><\/figure><figure class='gallery-item'>\n\t\t\t<div class='gallery-icon landscape'>\n\t\t\t\t<a href='https:\/\/archive.sana.sy\/es\/wp-content\/uploads\/2023\/04\/t4.jpg'><img loading=\"lazy\" decoding=\"async\" width=\"1536\" height=\"916\" src=\"https:\/\/archive.sana.sy\/es\/wp-content\/uploads\/2023\/04\/t4.jpg\" class=\"attachment-full size-full\" alt=\"\" srcset=\"https:\/\/archive.sana.sy\/es\/wp-content\/uploads\/2023\/04\/t4.jpg 1536w, https:\/\/archive.sana.sy\/es\/wp-content\/uploads\/2023\/04\/t4-300x179.jpg 300w, https:\/\/archive.sana.sy\/es\/wp-content\/uploads\/2023\/04\/t4-1024x611.jpg 1024w, https:\/\/archive.sana.sy\/es\/wp-content\/uploads\/2023\/04\/t4-150x89.jpg 150w, https:\/\/archive.sana.sy\/es\/wp-content\/uploads\/2023\/04\/t4-768x458.jpg 768w\" sizes=\"(max-width: 1536px) 100vw, 1536px\" \/><\/a>\n\t\t\t<\/div><\/figure><figure class='gallery-item'>\n\t\t\t<div class='gallery-icon landscape'>\n\t\t\t\t<a href='https:\/\/archive.sana.sy\/es\/wp-content\/uploads\/2023\/04\/Los-cristianos-en-Siria-celebran-la-Pascua-fotos-2-1.jpg'><img loading=\"lazy\" decoding=\"async\" width=\"1280\" height=\"853\" src=\"https:\/\/archive.sana.sy\/es\/wp-content\/uploads\/2023\/04\/Los-cristianos-en-Siria-celebran-la-Pascua-fotos-2-1.jpg\" class=\"attachment-full size-full\" alt=\"\" srcset=\"https:\/\/archive.sana.sy\/es\/wp-content\/uploads\/2023\/04\/Los-cristianos-en-Siria-celebran-la-Pascua-fotos-2-1.jpg 1280w, https:\/\/archive.sana.sy\/es\/wp-content\/uploads\/2023\/04\/Los-cristianos-en-Siria-celebran-la-Pascua-fotos-2-1-300x200.jpg 300w, https:\/\/archive.sana.sy\/es\/wp-content\/uploads\/2023\/04\/Los-cristianos-en-Siria-celebran-la-Pascua-fotos-2-1-1024x682.jpg 1024w, https:\/\/archive.sana.sy\/es\/wp-content\/uploads\/2023\/04\/Los-cristianos-en-Siria-celebran-la-Pascua-fotos-2-1-150x100.jpg 150w, https:\/\/archive.sana.sy\/es\/wp-content\/uploads\/2023\/04\/Los-cristianos-en-Siria-celebran-la-Pascua-fotos-2-1-768x512.jpg 768w\" sizes=\"(max-width: 1280px) 100vw, 1280px\" \/><\/a>\n\t\t\t<\/div><\/figure><figure class='gallery-item'>\n\t\t\t<div class='gallery-icon landscape'>\n\t\t\t\t<a href='https:\/\/archive.sana.sy\/es\/wp-content\/uploads\/2023\/04\/Los-cristianos-en-Siria-celebran-la-Pascua-fotos-3.jpg'><img loading=\"lazy\" decoding=\"async\" width=\"1280\" height=\"853\" src=\"https:\/\/archive.sana.sy\/es\/wp-content\/uploads\/2023\/04\/Los-cristianos-en-Siria-celebran-la-Pascua-fotos-3.jpg\" class=\"attachment-full size-full\" alt=\"\" srcset=\"https:\/\/archive.sana.sy\/es\/wp-content\/uploads\/2023\/04\/Los-cristianos-en-Siria-celebran-la-Pascua-fotos-3.jpg 1280w, https:\/\/archive.sana.sy\/es\/wp-content\/uploads\/2023\/04\/Los-cristianos-en-Siria-celebran-la-Pascua-fotos-3-300x200.jpg 300w, https:\/\/archive.sana.sy\/es\/wp-content\/uploads\/2023\/04\/Los-cristianos-en-Siria-celebran-la-Pascua-fotos-3-1024x682.jpg 1024w, https:\/\/archive.sana.sy\/es\/wp-content\/uploads\/2023\/04\/Los-cristianos-en-Siria-celebran-la-Pascua-fotos-3-150x100.jpg 150w, https:\/\/archive.sana.sy\/es\/wp-content\/uploads\/2023\/04\/Los-cristianos-en-Siria-celebran-la-Pascua-fotos-3-768x512.jpg 768w\" sizes=\"(max-width: 1280px) 100vw, 1280px\" \/><\/a>\n\t\t\t<\/div><\/figure>\n\t\t<\/div>\n\n<div id='gallery-2' class='gallery galleryid-293553 gallery-columns-1 gallery-size-full'><figure class='gallery-item'>\n\t\t\t<div class='gallery-icon landscape'>\n\t\t\t\t<a href='https:\/\/archive.sana.sy\/es\/wp-content\/uploads\/2023\/04\/h2.jpg'><img loading=\"lazy\" decoding=\"async\" width=\"1536\" height=\"938\" src=\"https:\/\/archive.sana.sy\/es\/wp-content\/uploads\/2023\/04\/h2.jpg\" class=\"attachment-full size-full\" alt=\"\" srcset=\"https:\/\/archive.sana.sy\/es\/wp-content\/uploads\/2023\/04\/h2.jpg 1536w, https:\/\/archive.sana.sy\/es\/wp-content\/uploads\/2023\/04\/h2-300x183.jpg 300w, https:\/\/archive.sana.sy\/es\/wp-content\/uploads\/2023\/04\/h2-1024x625.jpg 1024w, https:\/\/archive.sana.sy\/es\/wp-content\/uploads\/2023\/04\/h2-150x92.jpg 150w, https:\/\/archive.sana.sy\/es\/wp-content\/uploads\/2023\/04\/h2-768x469.jpg 768w\" sizes=\"(max-width: 1536px) 100vw, 1536px\" \/><\/a>\n\t\t\t<\/div><\/figure><figure class='gallery-item'>\n\t\t\t<div class='gallery-icon landscape'>\n\t\t\t\t<a href='https:\/\/archive.sana.sy\/es\/wp-content\/uploads\/2023\/04\/h3.jpg'><img loading=\"lazy\" decoding=\"async\" width=\"1536\" height=\"910\" src=\"https:\/\/archive.sana.sy\/es\/wp-content\/uploads\/2023\/04\/h3.jpg\" class=\"attachment-full size-full\" alt=\"\" srcset=\"https:\/\/archive.sana.sy\/es\/wp-content\/uploads\/2023\/04\/h3.jpg 1536w, https:\/\/archive.sana.sy\/es\/wp-content\/uploads\/2023\/04\/h3-300x178.jpg 300w, https:\/\/archive.sana.sy\/es\/wp-content\/uploads\/2023\/04\/h3-1024x607.jpg 1024w, https:\/\/archive.sana.sy\/es\/wp-content\/uploads\/2023\/04\/h3-150x89.jpg 150w, https:\/\/archive.sana.sy\/es\/wp-content\/uploads\/2023\/04\/h3-768x455.jpg 768w\" sizes=\"(max-width: 1536px) 100vw, 1536px\" \/><\/a>\n\t\t\t<\/div><\/figure><figure class='gallery-item'>\n\t\t\t<div class='gallery-icon landscape'>\n\t\t\t\t<a href='https:\/\/archive.sana.sy\/es\/wp-content\/uploads\/2023\/04\/h1.jpg'><img loading=\"lazy\" decoding=\"async\" width=\"1536\" height=\"918\" src=\"https:\/\/archive.sana.sy\/es\/wp-content\/uploads\/2023\/04\/h1.jpg\" class=\"attachment-full size-full\" alt=\"\" srcset=\"https:\/\/archive.sana.sy\/es\/wp-content\/uploads\/2023\/04\/h1.jpg 1536w, https:\/\/archive.sana.sy\/es\/wp-content\/uploads\/2023\/04\/h1-300x179.jpg 300w, https:\/\/archive.sana.sy\/es\/wp-content\/uploads\/2023\/04\/h1-1024x612.jpg 1024w, https:\/\/archive.sana.sy\/es\/wp-content\/uploads\/2023\/04\/h1-150x90.jpg 150w, https:\/\/archive.sana.sy\/es\/wp-content\/uploads\/2023\/04\/h1-768x459.jpg 768w\" sizes=\"(max-width: 1536px) 100vw, 1536px\" \/><\/a>\n\t\t\t<\/div><\/figure>\n\t\t<\/div>\n\n<div id='gallery-3' class='gallery galleryid-293553 gallery-columns-1 gallery-size-full'><figure class='gallery-item'>\n\t\t\t<div class='gallery-icon landscape'>\n\t\t\t\t<a href='https:\/\/archive.sana.sy\/es\/wp-content\/uploads\/2023\/04\/oo.jpg'><img loading=\"lazy\" decoding=\"async\" width=\"2560\" height=\"1653\" src=\"https:\/\/archive.sana.sy\/es\/wp-content\/uploads\/2023\/04\/oo.jpg\" class=\"attachment-full size-full\" alt=\"\" srcset=\"https:\/\/archive.sana.sy\/es\/wp-content\/uploads\/2023\/04\/oo.jpg 2560w, https:\/\/archive.sana.sy\/es\/wp-content\/uploads\/2023\/04\/oo-300x194.jpg 300w, https:\/\/archive.sana.sy\/es\/wp-content\/uploads\/2023\/04\/oo-1024x661.jpg 1024w, https:\/\/archive.sana.sy\/es\/wp-content\/uploads\/2023\/04\/oo-150x97.jpg 150w, https:\/\/archive.sana.sy\/es\/wp-content\/uploads\/2023\/04\/oo-768x496.jpg 768w, https:\/\/archive.sana.sy\/es\/wp-content\/uploads\/2023\/04\/oo-1536x992.jpg 1536w, https:\/\/archive.sana.sy\/es\/wp-content\/uploads\/2023\/04\/oo-2048x1322.jpg 2048w\" sizes=\"(max-width: 2560px) 100vw, 2560px\" \/><\/a>\n\t\t\t<\/div><\/figure><figure class='gallery-item'>\n\t\t\t<div class='gallery-icon landscape'>\n\t\t\t\t<a href='https:\/\/archive.sana.sy\/es\/wp-content\/uploads\/2023\/04\/pppppppppppppppppppp.jpg'><img loading=\"lazy\" decoding=\"async\" width=\"2560\" height=\"1643\" src=\"https:\/\/archive.sana.sy\/es\/wp-content\/uploads\/2023\/04\/pppppppppppppppppppp.jpg\" class=\"attachment-full size-full\" alt=\"\" srcset=\"https:\/\/archive.sana.sy\/es\/wp-content\/uploads\/2023\/04\/pppppppppppppppppppp.jpg 2560w, https:\/\/archive.sana.sy\/es\/wp-content\/uploads\/2023\/04\/pppppppppppppppppppp-300x193.jpg 300w, https:\/\/archive.sana.sy\/es\/wp-content\/uploads\/2023\/04\/pppppppppppppppppppp-1024x657.jpg 1024w, https:\/\/archive.sana.sy\/es\/wp-content\/uploads\/2023\/04\/pppppppppppppppppppp-150x96.jpg 150w, https:\/\/archive.sana.sy\/es\/wp-content\/uploads\/2023\/04\/pppppppppppppppppppp-768x493.jpg 768w, https:\/\/archive.sana.sy\/es\/wp-content\/uploads\/2023\/04\/pppppppppppppppppppp-1536x986.jpg 1536w, https:\/\/archive.sana.sy\/es\/wp-content\/uploads\/2023\/04\/pppppppppppppppppppp-2048x1314.jpg 2048w\" sizes=\"(max-width: 2560px) 100vw, 2560px\" \/><\/a>\n\t\t\t<\/div><\/figure>\n\t\t<\/div>\n\n<p><iframe loading=\"lazy\" title=\"Cristianos en Siria celebran la Pascua con oraciones por la paz\" width=\"618\" height=\"464\" src=\"https:\/\/www.youtube.com\/embed\/5MkQZasAfes?feature=oembed\" frameborder=\"0\" allow=\"accelerometer; autoplay; clipboard-write; encrypted-media; gyroscope; picture-in-picture; web-share\" referrerpolicy=\"strict-origin-when-cross-origin\" allowfullscreen><\/iframe><\/p>\n<p style=\"text-align: justify;\">as\/fm\/sm<\/p>\n","protected":false},"excerpt":{"rendered":"<p>Youssef Al-Absi, el patriarca de Antioqu\u00eda y todo el Oriente de los Greco-cat\u00f3licos Melquitas, habl\u00f3 sobre los significados sublimes de la Pascua que se basan en la sonrisa, alegr\u00eda, benevolencia, justicia, paz y perd\u00f3n. Provincias, 09 abr (SANA)\u00a0 Las comunidades cristianas que siguen el calendario occidental en Siria celebraron hoy la Pascua con oraciones y &hellip;<\/p>\n","protected":false},"author":42,"featured_media":293594,"comment_status":"closed","ping_status":"closed","sticky":false,"template":"","format":"standard","meta":{"footnotes":""},"categories":[597,20724,476,7541],"tags":[],"class_list":["post-293553","post","type-post","status-publish","format-standard","has-post-thumbnail","","category-cinta-de-noticias","category-minuto-a-minuto","category-locales","category-ultimas-noticias"],"_links":{"self":[{"href":"https:\/\/archive.sana.sy\/es\/index.php?rest_route=\/wp\/v2\/posts\/293553"}],"collection":[{"href":"https:\/\/archive.sana.sy\/es\/index.php?rest_route=\/wp\/v2\/posts"}],"about":[{"href":"https:\/\/archive.sana.sy\/es\/index.php?rest_route=\/wp\/v2\/types\/post"}],"author":[{"embeddable":true,"href":"https:\/\/archive.sana.sy\/es\/index.php?rest_route=\/wp\/v2\/users\/42"}],"replies":[{"embeddable":true,"href":"https:\/\/archive.sana.sy\/es\/index.php?rest_route=%2Fwp%2Fv2%2Fcomments&post=293553"}],"version-history":[{"count":10,"href":"https:\/\/archive.sana.sy\/es\/index.php?rest_route=\/wp\/v2\/posts\/293553\/revisions"}],"predecessor-version":[{"id":293655,"href":"https:\/\/archive.sana.sy\/es\/index.php?rest_route=\/wp\/v2\/posts\/293553\/revisions\/293655"}],"wp:featuredmedia":[{"embeddable":true,"href":"https:\/\/archive.sana.sy\/es\/index.php?rest_route=\/wp\/v2\/media\/293594"}],"wp:attachment":[{"href":"https:\/\/archive.sana.sy\/es\/index.php?rest_route=%2Fwp%2Fv2%2Fmedia&parent=293553"}],"wp:term":[{"taxonomy":"category","embeddable":true,"href":"https:\/\/archive.sana.sy\/es\/index.php?rest_route=%2Fwp%2Fv2%2Fcategories&post=293553"},{"taxonomy":"post_tag","embeddable":true,"href":"https:\/\/archive.sana.sy\/es\/index.php?rest_route=%2Fwp%2Fv2%2Ftags&post=293553"}],"curies":[{"name":"wp","href":"https:\/\/api.w.org\/{rel}","templated":true}]}}