{"id":293636,"date":"2023-04-09T18:16:29","date_gmt":"2023-04-09T15:16:29","guid":{"rendered":"http:\/\/sana.sy\/es\/?p=293636"},"modified":"2023-04-09T18:16:30","modified_gmt":"2023-04-09T15:16:30","slug":"presidente-al-assad-felicita-a-comunidades-cristianas-sirias-por-la-pascua","status":"publish","type":"post","link":"https:\/\/archive.sana.sy\/es\/?p=293636","title":{"rendered":"Presidente Al-Assad felicita a comunidades cristianas sirias por la Pascua"},"content":{"rendered":"<blockquote>\n<p style=\"text-align: justify;\"><span style=\"color: #993300;\"><em>Las autoridades eclesi\u00e1sticas expresaron su agradecimiento al Mandatario por sus felicitaciones con esta ocasi\u00f3n, y le desearon a \u00e9l y a toda Siria paz y bienestar.<\/em><\/span><\/p>\n<\/blockquote>\n<p style=\"text-align: justify;\"><span style=\"color: #800000;\"><strong>Damasco, 09 abr (SANA)<\/strong> \u00a0<\/span>El presidente Bashar Al-Assad, felicit\u00f3 hoy a las comunidades cristianas que siguen el calendario gregoriano, con motivo de la Pascua, y dese\u00f3 a todos los sirios salud, prosperidad y paz.<\/p>\n<p style=\"text-align: justify;\">El ministro de Asuntos de la Presidencia, Mansour Azzam, transmiti\u00f3 las felicitaciones del Presidente al-Assad a los jefes y representantes de las iglesias cat\u00f3licas, ortodoxas, armenias, maronitas y caldeas, en Siria.<\/p>\n<p style=\"text-align: justify;\">A su vez, las autoridades eclesi\u00e1sticas expresaron su agradecimiento al Mandatario por sus felicitaciones con esta ocasi\u00f3n, y le desearon a \u00e9l y a toda Siria paz y bienestar.<\/p>\n<div id='gallery-1' class='gallery galleryid-293636 gallery-columns-1 gallery-size-full'><figure class='gallery-item'>\n\t\t\t<div class='gallery-icon landscape'>\n\t\t\t\t<a href='https:\/\/archive.sana.sy\/es\/?attachment_id=293638'><img loading=\"lazy\" decoding=\"async\" width=\"660\" height=\"500\" src=\"https:\/\/archive.sana.sy\/es\/wp-content\/uploads\/2023\/04\/Presidente-Al-Assad-felicita-a-comunidades-cristianas-sirias-por-la-Pascua0.jpeg\" class=\"attachment-full size-full\" alt=\"\" srcset=\"https:\/\/archive.sana.sy\/es\/wp-content\/uploads\/2023\/04\/Presidente-Al-Assad-felicita-a-comunidades-cristianas-sirias-por-la-Pascua0.jpeg 660w, https:\/\/archive.sana.sy\/es\/wp-content\/uploads\/2023\/04\/Presidente-Al-Assad-felicita-a-comunidades-cristianas-sirias-por-la-Pascua0-300x227.jpeg 300w, https:\/\/archive.sana.sy\/es\/wp-content\/uploads\/2023\/04\/Presidente-Al-Assad-felicita-a-comunidades-cristianas-sirias-por-la-Pascua0-150x114.jpeg 150w\" sizes=\"(max-width: 660px) 100vw, 660px\" \/><\/a>\n\t\t\t<\/div><\/figure><figure class='gallery-item'>\n\t\t\t<div class='gallery-icon landscape'>\n\t\t\t\t<a href='https:\/\/archive.sana.sy\/es\/?attachment_id=293639'><img loading=\"lazy\" decoding=\"async\" width=\"660\" height=\"256\" src=\"https:\/\/archive.sana.sy\/es\/wp-content\/uploads\/2023\/04\/Presidente-Al-Assad-felicita-a-comunidades-cristianas-sirias-por-la-Pascua1.jpeg\" class=\"attachment-full size-full\" alt=\"\" srcset=\"https:\/\/archive.sana.sy\/es\/wp-content\/uploads\/2023\/04\/Presidente-Al-Assad-felicita-a-comunidades-cristianas-sirias-por-la-Pascua1.jpeg 660w, https:\/\/archive.sana.sy\/es\/wp-content\/uploads\/2023\/04\/Presidente-Al-Assad-felicita-a-comunidades-cristianas-sirias-por-la-Pascua1-300x116.jpeg 300w, https:\/\/archive.sana.sy\/es\/wp-content\/uploads\/2023\/04\/Presidente-Al-Assad-felicita-a-comunidades-cristianas-sirias-por-la-Pascua1-150x58.jpeg 150w\" sizes=\"(max-width: 660px) 100vw, 660px\" \/><\/a>\n\t\t\t<\/div><\/figure><figure class='gallery-item'>\n\t\t\t<div class='gallery-icon landscape'>\n\t\t\t\t<a href='https:\/\/archive.sana.sy\/es\/?attachment_id=293640'><img loading=\"lazy\" decoding=\"async\" width=\"660\" height=\"317\" src=\"https:\/\/archive.sana.sy\/es\/wp-content\/uploads\/2023\/04\/Presidente-Al-Assad-felicita-a-comunidades-cristianas-sirias-por-la-Pascua2.jpeg\" class=\"attachment-full size-full\" alt=\"\" srcset=\"https:\/\/archive.sana.sy\/es\/wp-content\/uploads\/2023\/04\/Presidente-Al-Assad-felicita-a-comunidades-cristianas-sirias-por-la-Pascua2.jpeg 660w, https:\/\/archive.sana.sy\/es\/wp-content\/uploads\/2023\/04\/Presidente-Al-Assad-felicita-a-comunidades-cristianas-sirias-por-la-Pascua2-300x144.jpeg 300w, https:\/\/archive.sana.sy\/es\/wp-content\/uploads\/2023\/04\/Presidente-Al-Assad-felicita-a-comunidades-cristianas-sirias-por-la-Pascua2-150x72.jpeg 150w\" sizes=\"(max-width: 660px) 100vw, 660px\" \/><\/a>\n\t\t\t<\/div><\/figure><figure class='gallery-item'>\n\t\t\t<div class='gallery-icon landscape'>\n\t\t\t\t<a href='https:\/\/archive.sana.sy\/es\/?attachment_id=293641'><img loading=\"lazy\" decoding=\"async\" width=\"660\" height=\"451\" src=\"https:\/\/archive.sana.sy\/es\/wp-content\/uploads\/2023\/04\/Presidente-Al-Assad-felicita-a-comunidades-cristianas-sirias-por-la-Pascua3.jpeg\" class=\"attachment-full size-full\" alt=\"\" srcset=\"https:\/\/archive.sana.sy\/es\/wp-content\/uploads\/2023\/04\/Presidente-Al-Assad-felicita-a-comunidades-cristianas-sirias-por-la-Pascua3.jpeg 660w, https:\/\/archive.sana.sy\/es\/wp-content\/uploads\/2023\/04\/Presidente-Al-Assad-felicita-a-comunidades-cristianas-sirias-por-la-Pascua3-300x205.jpeg 300w, https:\/\/archive.sana.sy\/es\/wp-content\/uploads\/2023\/04\/Presidente-Al-Assad-felicita-a-comunidades-cristianas-sirias-por-la-Pascua3-150x103.jpeg 150w, https:\/\/archive.sana.sy\/es\/wp-content\/uploads\/2023\/04\/Presidente-Al-Assad-felicita-a-comunidades-cristianas-sirias-por-la-Pascua3-110x75.jpeg 110w\" sizes=\"(max-width: 660px) 100vw, 660px\" \/><\/a>\n\t\t\t<\/div><\/figure><figure class='gallery-item'>\n\t\t\t<div class='gallery-icon landscape'>\n\t\t\t\t<a href='https:\/\/archive.sana.sy\/es\/?attachment_id=293642'><img loading=\"lazy\" decoding=\"async\" width=\"660\" height=\"500\" src=\"https:\/\/archive.sana.sy\/es\/wp-content\/uploads\/2023\/04\/Presidente-Al-Assad-felicita-a-comunidades-cristianas-sirias-por-la-Pascua4.jpeg\" class=\"attachment-full size-full\" alt=\"\" srcset=\"https:\/\/archive.sana.sy\/es\/wp-content\/uploads\/2023\/04\/Presidente-Al-Assad-felicita-a-comunidades-cristianas-sirias-por-la-Pascua4.jpeg 660w, https:\/\/archive.sana.sy\/es\/wp-content\/uploads\/2023\/04\/Presidente-Al-Assad-felicita-a-comunidades-cristianas-sirias-por-la-Pascua4-300x227.jpeg 300w, https:\/\/archive.sana.sy\/es\/wp-content\/uploads\/2023\/04\/Presidente-Al-Assad-felicita-a-comunidades-cristianas-sirias-por-la-Pascua4-150x114.jpeg 150w\" sizes=\"(max-width: 660px) 100vw, 660px\" \/><\/a>\n\t\t\t<\/div><\/figure><figure class='gallery-item'>\n\t\t\t<div class='gallery-icon landscape'>\n\t\t\t\t<a href='https:\/\/archive.sana.sy\/es\/?attachment_id=293643'><img loading=\"lazy\" decoding=\"async\" width=\"660\" height=\"317\" src=\"https:\/\/archive.sana.sy\/es\/wp-content\/uploads\/2023\/04\/Presidente-Al-Assad-felicita-a-comunidades-cristianas-sirias-por-la-Pascua5.jpeg\" class=\"attachment-full size-full\" alt=\"\" srcset=\"https:\/\/archive.sana.sy\/es\/wp-content\/uploads\/2023\/04\/Presidente-Al-Assad-felicita-a-comunidades-cristianas-sirias-por-la-Pascua5.jpeg 660w, https:\/\/archive.sana.sy\/es\/wp-content\/uploads\/2023\/04\/Presidente-Al-Assad-felicita-a-comunidades-cristianas-sirias-por-la-Pascua5-300x144.jpeg 300w, https:\/\/archive.sana.sy\/es\/wp-content\/uploads\/2023\/04\/Presidente-Al-Assad-felicita-a-comunidades-cristianas-sirias-por-la-Pascua5-150x72.jpeg 150w\" sizes=\"(max-width: 660px) 100vw, 660px\" \/><\/a>\n\t\t\t<\/div><\/figure><figure class='gallery-item'>\n\t\t\t<div class='gallery-icon landscape'>\n\t\t\t\t<a href='https:\/\/archive.sana.sy\/es\/?attachment_id=293644'><img loading=\"lazy\" decoding=\"async\" width=\"660\" height=\"474\" src=\"https:\/\/archive.sana.sy\/es\/wp-content\/uploads\/2023\/04\/Presidente-Al-Assad-felicita-a-comunidades-cristianas-sirias-por-la-Pascua6.jpeg\" class=\"attachment-full size-full\" alt=\"\" srcset=\"https:\/\/archive.sana.sy\/es\/wp-content\/uploads\/2023\/04\/Presidente-Al-Assad-felicita-a-comunidades-cristianas-sirias-por-la-Pascua6.jpeg 660w, https:\/\/archive.sana.sy\/es\/wp-content\/uploads\/2023\/04\/Presidente-Al-Assad-felicita-a-comunidades-cristianas-sirias-por-la-Pascua6-300x215.jpeg 300w, https:\/\/archive.sana.sy\/es\/wp-content\/uploads\/2023\/04\/Presidente-Al-Assad-felicita-a-comunidades-cristianas-sirias-por-la-Pascua6-150x108.jpeg 150w\" sizes=\"(max-width: 660px) 100vw, 660px\" \/><\/a>\n\t\t\t<\/div><\/figure><figure class='gallery-item'>\n\t\t\t<div class='gallery-icon portrait'>\n\t\t\t\t<a href='https:\/\/archive.sana.sy\/es\/?attachment_id=293645'><img loading=\"lazy\" decoding=\"async\" width=\"660\" height=\"764\" src=\"https:\/\/archive.sana.sy\/es\/wp-content\/uploads\/2023\/04\/Presidente-Al-Assad-felicita-a-comunidades-cristianas-sirias-por-la-Pascua7.jpeg\" class=\"attachment-full size-full\" alt=\"\" srcset=\"https:\/\/archive.sana.sy\/es\/wp-content\/uploads\/2023\/04\/Presidente-Al-Assad-felicita-a-comunidades-cristianas-sirias-por-la-Pascua7.jpeg 660w, https:\/\/archive.sana.sy\/es\/wp-content\/uploads\/2023\/04\/Presidente-Al-Assad-felicita-a-comunidades-cristianas-sirias-por-la-Pascua7-259x300.jpeg 259w, https:\/\/archive.sana.sy\/es\/wp-content\/uploads\/2023\/04\/Presidente-Al-Assad-felicita-a-comunidades-cristianas-sirias-por-la-Pascua7-130x150.jpeg 130w\" sizes=\"(max-width: 660px) 100vw, 660px\" \/><\/a>\n\t\t\t<\/div><\/figure><figure class='gallery-item'>\n\t\t\t<div class='gallery-icon landscape'>\n\t\t\t\t<a href='https:\/\/archive.sana.sy\/es\/?attachment_id=293646'><img loading=\"lazy\" decoding=\"async\" width=\"660\" height=\"659\" src=\"https:\/\/archive.sana.sy\/es\/wp-content\/uploads\/2023\/04\/Presidente-Al-Assad-felicita-a-comunidades-cristianas-sirias-por-la-Pascua8.jpeg\" class=\"attachment-full size-full\" alt=\"\" srcset=\"https:\/\/archive.sana.sy\/es\/wp-content\/uploads\/2023\/04\/Presidente-Al-Assad-felicita-a-comunidades-cristianas-sirias-por-la-Pascua8.jpeg 660w, https:\/\/archive.sana.sy\/es\/wp-content\/uploads\/2023\/04\/Presidente-Al-Assad-felicita-a-comunidades-cristianas-sirias-por-la-Pascua8-300x300.jpeg 300w, https:\/\/archive.sana.sy\/es\/wp-content\/uploads\/2023\/04\/Presidente-Al-Assad-felicita-a-comunidades-cristianas-sirias-por-la-Pascua8-150x150.jpeg 150w\" sizes=\"(max-width: 660px) 100vw, 660px\" \/><\/a>\n\t\t\t<\/div><\/figure><figure class='gallery-item'>\n\t\t\t<div class='gallery-icon landscape'>\n\t\t\t\t<a href='https:\/\/archive.sana.sy\/es\/?attachment_id=293647'><img loading=\"lazy\" decoding=\"async\" width=\"660\" height=\"442\" src=\"https:\/\/archive.sana.sy\/es\/wp-content\/uploads\/2023\/04\/Presidente-Al-Assad-felicita-a-comunidades-cristianas-sirias-por-la-Pascua9.jpeg\" class=\"attachment-full size-full\" alt=\"\" srcset=\"https:\/\/archive.sana.sy\/es\/wp-content\/uploads\/2023\/04\/Presidente-Al-Assad-felicita-a-comunidades-cristianas-sirias-por-la-Pascua9.jpeg 660w, https:\/\/archive.sana.sy\/es\/wp-content\/uploads\/2023\/04\/Presidente-Al-Assad-felicita-a-comunidades-cristianas-sirias-por-la-Pascua9-300x201.jpeg 300w, https:\/\/archive.sana.sy\/es\/wp-content\/uploads\/2023\/04\/Presidente-Al-Assad-felicita-a-comunidades-cristianas-sirias-por-la-Pascua9-150x100.jpeg 150w, https:\/\/archive.sana.sy\/es\/wp-content\/uploads\/2023\/04\/Presidente-Al-Assad-felicita-a-comunidades-cristianas-sirias-por-la-Pascua9-110x75.jpeg 110w\" sizes=\"(max-width: 660px) 100vw, 660px\" \/><\/a>\n\t\t\t<\/div><\/figure>\n\t\t<\/div>\n\n<p style=\"text-align: justify;\">sm\/fm<\/p>\n","protected":false},"excerpt":{"rendered":"<p>Las autoridades eclesi\u00e1sticas expresaron su agradecimiento al Mandatario por sus felicitaciones con esta ocasi\u00f3n, y le desearon a \u00e9l y a toda Siria paz y bienestar. Damasco, 09 abr (SANA) \u00a0El presidente Bashar Al-Assad, felicit\u00f3 hoy a las comunidades cristianas que siguen el calendario gregoriano, con motivo de la Pascua, y dese\u00f3 a todos los &hellip;<\/p>\n","protected":false},"author":39,"featured_media":293637,"comment_status":"closed","ping_status":"closed","sticky":false,"template":"","format":"standard","meta":{"footnotes":""},"categories":[477,597,476,16237,583,626],"tags":[],"class_list":["post-293636","post","type-post","status-publish","format-standard","has-post-thumbnail","","category-noticias-edulcorantes","category-cinta-de-noticias","category-locales","category-presidence-de-la-republique-arabe-syria","category-slide","category-sr-presidente"],"_links":{"self":[{"href":"https:\/\/archive.sana.sy\/es\/index.php?rest_route=\/wp\/v2\/posts\/293636"}],"collection":[{"href":"https:\/\/archive.sana.sy\/es\/index.php?rest_route=\/wp\/v2\/posts"}],"about":[{"href":"https:\/\/archive.sana.sy\/es\/index.php?rest_route=\/wp\/v2\/types\/post"}],"author":[{"embeddable":true,"href":"https:\/\/archive.sana.sy\/es\/index.php?rest_route=\/wp\/v2\/users\/39"}],"replies":[{"embeddable":true,"href":"https:\/\/archive.sana.sy\/es\/index.php?rest_route=%2Fwp%2Fv2%2Fcomments&post=293636"}],"version-history":[{"count":1,"href":"https:\/\/archive.sana.sy\/es\/index.php?rest_route=\/wp\/v2\/posts\/293636\/revisions"}],"predecessor-version":[{"id":293648,"href":"https:\/\/archive.sana.sy\/es\/index.php?rest_route=\/wp\/v2\/posts\/293636\/revisions\/293648"}],"wp:featuredmedia":[{"embeddable":true,"href":"https:\/\/archive.sana.sy\/es\/index.php?rest_route=\/wp\/v2\/media\/293637"}],"wp:attachment":[{"href":"https:\/\/archive.sana.sy\/es\/index.php?rest_route=%2Fwp%2Fv2%2Fmedia&parent=293636"}],"wp:term":[{"taxonomy":"category","embeddable":true,"href":"https:\/\/archive.sana.sy\/es\/index.php?rest_route=%2Fwp%2Fv2%2Fcategories&post=293636"},{"taxonomy":"post_tag","embeddable":true,"href":"https:\/\/archive.sana.sy\/es\/index.php?rest_route=%2Fwp%2Fv2%2Ftags&post=293636"}],"curies":[{"name":"wp","href":"https:\/\/api.w.org\/{rel}","templated":true}]}}