{"id":293656,"date":"2023-04-09T17:45:40","date_gmt":"2023-04-09T14:45:40","guid":{"rendered":"http:\/\/sana.sy\/es\/?p=293656"},"modified":"2023-04-09T20:18:14","modified_gmt":"2023-04-09T17:18:14","slug":"ejercito-ruso-toma-la-importante-planta-de-marinka-en-donetsk","status":"publish","type":"post","link":"https:\/\/archive.sana.sy\/es\/?p=293656","title":{"rendered":"Ej\u00e9rcito ruso toma la importante planta de M\u00e1rinka en Donetsk"},"content":{"rendered":"<blockquote>\n<p style=\"text-align: justify;\"><span style=\"color: #993300;\">El territorio de la planta de reparaci\u00f3n de neum\u00e1ticos era una de las fortificaciones m\u00e1s poderosas y estrat\u00e9gicamente importantes en esta zona<\/span><\/p>\n<\/blockquote>\n<p style=\"text-align: justify;\"><span style=\"color: #800000;\"><strong>Mosc\u00fa, 9 abr (SANA)\u00a0<\/strong> <\/span>\u00a0El territorio de una planta de reparaci\u00f3n de neum\u00e1ticos en la ciudad de M\u00e1rinka, al oeste de Donetsk, fue tomado bajo el control de las fuerzas rusas.<\/p>\n<p style=\"text-align: justify;\">Seg\u00fan comunic\u00f3 el asesor del jefe interino de la regi\u00f3n, Yan Gaguin, como resultado de una exitosa acci\u00f3n de asalto, que elimin\u00f3 la resistencia de las fuerzas ucranianas, todo el terreno de la planta de reparaci\u00f3n de neum\u00e1ticos en M\u00e1rinka pas\u00f3 bajo control de las fuerzas armadas de Rusia.<\/p>\n<p style=\"text-align: justify;\">El territorio de la planta de reparaci\u00f3n de neum\u00e1ticos era una de las fortificaciones m\u00e1s poderosas y estrat\u00e9gicamente importantes en esta zona, afirm\u00f3 Gaguin en su canal de Telegram, citado por Prensa Latina.<\/p>\n<p style=\"text-align: justify;\">fm\/rr<\/p>\n","protected":false},"excerpt":{"rendered":"<p>El territorio de la planta de reparaci\u00f3n de neum\u00e1ticos era una de las fortificaciones m\u00e1s poderosas y estrat\u00e9gicamente importantes en esta zona Mosc\u00fa, 9 abr (SANA)\u00a0 \u00a0El territorio de una planta de reparaci\u00f3n de neum\u00e1ticos en la ciudad de M\u00e1rinka, al oeste de Donetsk, fue tomado bajo el control de las fuerzas rusas. Seg\u00fan comunic\u00f3 &hellip;<\/p>\n","protected":false},"author":31,"featured_media":293657,"comment_status":"closed","ping_status":"closed","sticky":false,"template":"","format":"standard","meta":{"footnotes":""},"categories":[456,16687,7541],"tags":[6695,20357],"class_list":["post-293656","post","type-post","status-publish","format-standard","has-post-thumbnail","","category-arabe-internacional-politica","category-internacionales","category-ultimas-noticias","tag-rusia","tag-ucrania"],"_links":{"self":[{"href":"https:\/\/archive.sana.sy\/es\/index.php?rest_route=\/wp\/v2\/posts\/293656"}],"collection":[{"href":"https:\/\/archive.sana.sy\/es\/index.php?rest_route=\/wp\/v2\/posts"}],"about":[{"href":"https:\/\/archive.sana.sy\/es\/index.php?rest_route=\/wp\/v2\/types\/post"}],"author":[{"embeddable":true,"href":"https:\/\/archive.sana.sy\/es\/index.php?rest_route=\/wp\/v2\/users\/31"}],"replies":[{"embeddable":true,"href":"https:\/\/archive.sana.sy\/es\/index.php?rest_route=%2Fwp%2Fv2%2Fcomments&post=293656"}],"version-history":[{"count":1,"href":"https:\/\/archive.sana.sy\/es\/index.php?rest_route=\/wp\/v2\/posts\/293656\/revisions"}],"predecessor-version":[{"id":293658,"href":"https:\/\/archive.sana.sy\/es\/index.php?rest_route=\/wp\/v2\/posts\/293656\/revisions\/293658"}],"wp:featuredmedia":[{"embeddable":true,"href":"https:\/\/archive.sana.sy\/es\/index.php?rest_route=\/wp\/v2\/media\/293657"}],"wp:attachment":[{"href":"https:\/\/archive.sana.sy\/es\/index.php?rest_route=%2Fwp%2Fv2%2Fmedia&parent=293656"}],"wp:term":[{"taxonomy":"category","embeddable":true,"href":"https:\/\/archive.sana.sy\/es\/index.php?rest_route=%2Fwp%2Fv2%2Fcategories&post=293656"},{"taxonomy":"post_tag","embeddable":true,"href":"https:\/\/archive.sana.sy\/es\/index.php?rest_route=%2Fwp%2Fv2%2Ftags&post=293656"}],"curies":[{"name":"wp","href":"https:\/\/api.w.org\/{rel}","templated":true}]}}