{"id":293665,"date":"2023-04-10T11:23:06","date_gmt":"2023-04-10T08:23:06","guid":{"rendered":"http:\/\/sana.sy\/es\/?p=293665"},"modified":"2023-04-10T12:17:12","modified_gmt":"2023-04-10T09:17:12","slug":"canciller-egipcio-aboga-por-erradicar-el-terrorismo-y-cesar-la-injerencia-externa-en-asuntos-de-siria","status":"publish","type":"post","link":"https:\/\/archive.sana.sy\/es\/?p=293665","title":{"rendered":"Canciller egipcio aboga por erradicar el terrorismo y cesar la injerencia externa en asuntos de Siria"},"content":{"rendered":"<blockquote>\n<p style=\"text-align: justify;\"><span style=\"color: #993300;\">Reiter\u00f3 el pleno apoyo del Cairo a los esfuerzos de la ONU destinados a alcanzar un acuerdo pol\u00edtico integral meramente sirio, en virtud de la Resoluci\u00f3n del Consejo de Seguridad No. 2254.<\/span><\/p>\n<\/blockquote>\n<p style=\"text-align: justify;\"><span style=\"color: #800000;\"><strong>El Cairo, 10 abr (SANA)\u00a0<\/strong><\/span> El ministro de Asuntos Exteriores de Egipto, Sameh Shoukry, afirm\u00f3 la necesidad de eliminar el terrorismo en Siria y poner fin a la intervenci\u00f3n extranjera en este pa\u00eds.<\/p>\n<p style=\"text-align: justify;\">Seg\u00fan el portavoz de la Canciller\u00eda de esta naci\u00f3n africana, Ahmed Abu Zeid, esta postura del jefe de la diplomacia egipcia fue expresada durante una conversaci\u00f3n telef\u00f3nica con el Enviado Especial de la ONU para Siria, Geir Pedersen .<\/p>\n<p style=\"text-align: justify;\">Reiter\u00f3 el pleno apoyo del Cairo a los esfuerzos de la ONU destinados a alcanzar un acuerdo pol\u00edtico integral meramente sirio, en virtud de la Resoluci\u00f3n del Consejo de Seguridad No. 2254.<\/p>\n<p style=\"text-align: justify;\">El vocero precis\u00f3 que Egipto prioriza el restablecimiento de la seguridad y estabilidad de Siria y poner fin a todas las formas de terrorismo e injerencia extranjera en el pa\u00eds.<\/p>\n<p style=\"text-align: justify;\">Ambas partes acordaron continuar la coordinaci\u00f3n en la pr\u00f3xima etapa, mientras el enviado de la ONU apreci\u00f3 el papel de Egipto y su continuo apoyo a la ONU para llegar a una soluci\u00f3n a la crisis en Siria.<\/p>\n<p style=\"text-align: justify;\">ed\/fm<\/p>\n","protected":false},"excerpt":{"rendered":"<p>Reiter\u00f3 el pleno apoyo del Cairo a los esfuerzos de la ONU destinados a alcanzar un acuerdo pol\u00edtico integral meramente sirio, en virtud de la Resoluci\u00f3n del Consejo de Seguridad No. 2254. El Cairo, 10 abr (SANA)\u00a0 El ministro de Asuntos Exteriores de Egipto, Sameh Shoukry, afirm\u00f3 la necesidad de eliminar el terrorismo en Siria &hellip;<\/p>\n","protected":false},"author":32,"featured_media":293666,"comment_status":"closed","ping_status":"closed","sticky":false,"template":"","format":"standard","meta":{"footnotes":""},"categories":[597,467,7541],"tags":[],"class_list":["post-293665","post","type-post","status-publish","format-standard","has-post-thumbnail","","category-cinta-de-noticias","category-siria-y-el-mundo","category-ultimas-noticias"],"_links":{"self":[{"href":"https:\/\/archive.sana.sy\/es\/index.php?rest_route=\/wp\/v2\/posts\/293665"}],"collection":[{"href":"https:\/\/archive.sana.sy\/es\/index.php?rest_route=\/wp\/v2\/posts"}],"about":[{"href":"https:\/\/archive.sana.sy\/es\/index.php?rest_route=\/wp\/v2\/types\/post"}],"author":[{"embeddable":true,"href":"https:\/\/archive.sana.sy\/es\/index.php?rest_route=\/wp\/v2\/users\/32"}],"replies":[{"embeddable":true,"href":"https:\/\/archive.sana.sy\/es\/index.php?rest_route=%2Fwp%2Fv2%2Fcomments&post=293665"}],"version-history":[{"count":2,"href":"https:\/\/archive.sana.sy\/es\/index.php?rest_route=\/wp\/v2\/posts\/293665\/revisions"}],"predecessor-version":[{"id":293669,"href":"https:\/\/archive.sana.sy\/es\/index.php?rest_route=\/wp\/v2\/posts\/293665\/revisions\/293669"}],"wp:featuredmedia":[{"embeddable":true,"href":"https:\/\/archive.sana.sy\/es\/index.php?rest_route=\/wp\/v2\/media\/293666"}],"wp:attachment":[{"href":"https:\/\/archive.sana.sy\/es\/index.php?rest_route=%2Fwp%2Fv2%2Fmedia&parent=293665"}],"wp:term":[{"taxonomy":"category","embeddable":true,"href":"https:\/\/archive.sana.sy\/es\/index.php?rest_route=%2Fwp%2Fv2%2Fcategories&post=293665"},{"taxonomy":"post_tag","embeddable":true,"href":"https:\/\/archive.sana.sy\/es\/index.php?rest_route=%2Fwp%2Fv2%2Ftags&post=293665"}],"curies":[{"name":"wp","href":"https:\/\/api.w.org\/{rel}","templated":true}]}}