{"id":293743,"date":"2023-04-11T11:54:15","date_gmt":"2023-04-11T08:54:15","guid":{"rendered":"http:\/\/sana.sy\/es\/?p=293743"},"modified":"2023-04-11T11:54:15","modified_gmt":"2023-04-11T08:54:15","slug":"arrestan-en-rusia-a-un-espia-de-la-inteligencia-ucraniana","status":"publish","type":"post","link":"https:\/\/archive.sana.sy\/es\/?p=293743","title":{"rendered":"Arrestan en Rusia a un esp\u00eda de la inteligencia ucraniana"},"content":{"rendered":"<blockquote>\n<p style=\"text-align: justify;\"><span style=\"color: #800000;\">El agente sab\u00eda muy bien que esta informaci\u00f3n se utilizar\u00e1 para cometer actos terroristas y bombardear los sitios.<\/span><\/p>\n<\/blockquote>\n<p style=\"text-align: justify;\"><span style=\"color: #800000;\"><strong>Mosc\u00fa, 11 abr (SANA)<\/strong> <\/span>Una fuente de seguridad rusa anunci\u00f3 hoy el arresto de un esp\u00eda al servicio de inteligencia ucraniano, en Zaporozhie.<\/p>\n<p style=\"text-align: justify;\">\u201cEste agente es un ciudadano ruso de 22 a\u00f1os, y enviaba informaci\u00f3n sobre concentraciones militares y sitios civiles sensibles en las provincias de Jers\u00f3n y Zaporozhie a las autoridades ucranianas\u201d, indic\u00f3 la fuente, citada por la agencia Novosti.<\/p>\n<p style=\"text-align: justify;\">El esp\u00eda sab\u00eda muy bien que esta informaci\u00f3n se utilizar\u00e1 para cometer actos terroristas y bombardear los sitios.<\/p>\n<p>fm\/ed<\/p>\n<p style=\"text-align: justify;\">\n","protected":false},"excerpt":{"rendered":"<p>El agente sab\u00eda muy bien que esta informaci\u00f3n se utilizar\u00e1 para cometer actos terroristas y bombardear los sitios. Mosc\u00fa, 11 abr (SANA) Una fuente de seguridad rusa anunci\u00f3 hoy el arresto de un esp\u00eda al servicio de inteligencia ucraniano, en Zaporozhie. \u201cEste agente es un ciudadano ruso de 22 a\u00f1os, y enviaba informaci\u00f3n sobre concentraciones &hellip;<\/p>\n","protected":false},"author":32,"featured_media":293744,"comment_status":"closed","ping_status":"closed","sticky":false,"template":"","format":"standard","meta":{"footnotes":""},"categories":[597,456,16687,7541],"tags":[],"class_list":["post-293743","post","type-post","status-publish","format-standard","has-post-thumbnail","","category-cinta-de-noticias","category-arabe-internacional-politica","category-internacionales","category-ultimas-noticias"],"_links":{"self":[{"href":"https:\/\/archive.sana.sy\/es\/index.php?rest_route=\/wp\/v2\/posts\/293743"}],"collection":[{"href":"https:\/\/archive.sana.sy\/es\/index.php?rest_route=\/wp\/v2\/posts"}],"about":[{"href":"https:\/\/archive.sana.sy\/es\/index.php?rest_route=\/wp\/v2\/types\/post"}],"author":[{"embeddable":true,"href":"https:\/\/archive.sana.sy\/es\/index.php?rest_route=\/wp\/v2\/users\/32"}],"replies":[{"embeddable":true,"href":"https:\/\/archive.sana.sy\/es\/index.php?rest_route=%2Fwp%2Fv2%2Fcomments&post=293743"}],"version-history":[{"count":1,"href":"https:\/\/archive.sana.sy\/es\/index.php?rest_route=\/wp\/v2\/posts\/293743\/revisions"}],"predecessor-version":[{"id":293745,"href":"https:\/\/archive.sana.sy\/es\/index.php?rest_route=\/wp\/v2\/posts\/293743\/revisions\/293745"}],"wp:featuredmedia":[{"embeddable":true,"href":"https:\/\/archive.sana.sy\/es\/index.php?rest_route=\/wp\/v2\/media\/293744"}],"wp:attachment":[{"href":"https:\/\/archive.sana.sy\/es\/index.php?rest_route=%2Fwp%2Fv2%2Fmedia&parent=293743"}],"wp:term":[{"taxonomy":"category","embeddable":true,"href":"https:\/\/archive.sana.sy\/es\/index.php?rest_route=%2Fwp%2Fv2%2Fcategories&post=293743"},{"taxonomy":"post_tag","embeddable":true,"href":"https:\/\/archive.sana.sy\/es\/index.php?rest_route=%2Fwp%2Fv2%2Ftags&post=293743"}],"curies":[{"name":"wp","href":"https:\/\/api.w.org\/{rel}","templated":true}]}}