{"id":293784,"date":"2023-04-11T18:01:51","date_gmt":"2023-04-11T15:01:51","guid":{"rendered":"http:\/\/sana.sy\/es\/?p=293784"},"modified":"2023-04-11T18:13:08","modified_gmt":"2023-04-11T15:13:08","slug":"la-subsecretaria-de-naciones-unidas-agradece-al-gobierno-sirio-por-garantizar-proteccion-al-personal-de-la-onu","status":"publish","type":"post","link":"https:\/\/archive.sana.sy\/es\/?p=293784","title":{"rendered":"La Subsecretaria de Naciones Unidas agradece al gobierno sirio por garantizar protecci\u00f3n al personal de la ONU"},"content":{"rendered":"<blockquote>\n<p style=\"text-align: justify\"><span style=\"color: #993300\">Durante su recibimiento a la subsecretaria general de las Naciones Unidas para Asuntos de Seguridad y Vigilancia, Unaisi Lutu Vuniwaqa, el canciller Faisal Al-Mekdad, resalt\u00f3 la importancia de que la funcionaria de la ONU transmitiera la realidad de la situaci\u00f3n en Siria<\/span><\/p>\n<\/blockquote>\n<p style=\"text-align: justify\"><span style=\"color: #800000\"><strong>Damasco, 11 abr (SANA)<\/strong><\/span> El ministro de Asuntos Exteriores y Expatriados de Siria, Faisal Al-Mekdad, recibi\u00f3 hoy en la sede de la Canciller\u00eda, a la subsecretaria general de las Naciones Unidas para Asuntos de Seguridad y Vigilancia, Unaisi Lutu Vuniwaqa.<\/p>\n<p style=\"text-align: justify\">Durante la reuni\u00f3n, el Canciller sirio destac\u00f3 que la cooperaci\u00f3n existente con el Departamento de Seguridad y Protecci\u00f3n de la Secretar\u00eda General de las Naciones Unidas y sus representantes en Siria, ha impedido que el personal de la ONU sufriera bajas como resultado de las pr\u00e1cticas criminales de los grupos terroristas, durante los a\u00f1os de la guerra.<\/p>\n<p style=\"text-align: justify\">Resalt\u00f3 la importancia de que la funcionaria de la ONU transmitiera la realidad de la situaci\u00f3n en Siria, en particular la estabilidad y seguridad restablecidas en la mayor\u00eda de sus provincias, adem\u00e1s de la magnitud de la devastaci\u00f3n que dejaron los terremotos que asolaron el pa\u00eds el d\u00eda 6 de febrero pasado.<\/p>\n<p style=\"text-align: justify\">El jefe de la diplomacia siria subray\u00f3 la necesidad de levantar las medidas coercitivas unilaterales impuestas por EEUU y Occidente a Siria, y destac\u00f3 que estas medidas punitivas afectaron a todos los sectores vitales del pa\u00eds, y aumentaron el sufrimiento del pueblo sirio.<\/p>\n<p style=\"text-align: justify\">Por su parte, Vuniwaqa elogi\u00f3 el papel desempe\u00f1ado por el gobierno sirio al garantizar protecci\u00f3n al personal de las Naciones Unidas que labora en Siria, as\u00ed como agradeci\u00f3 las facilitaciones brindadas por la parte siria a la Oficina de Seguridad y Vigilancia durante el per\u00edodo de guerra y la desastre del terremoto.<\/p>\n<p style=\"text-align: justify\">la\/fm<\/p>\n","protected":false},"excerpt":{"rendered":"<p>Durante su recibimiento a la subsecretaria general de las Naciones Unidas para Asuntos de Seguridad y Vigilancia, Unaisi Lutu Vuniwaqa, el canciller Faisal Al-Mekdad, resalt\u00f3 la importancia de que la funcionaria de la ONU transmitiera la realidad de la situaci\u00f3n en Siria Damasco, 11 abr (SANA) El ministro de Asuntos Exteriores y Expatriados de Siria, &hellip;<\/p>\n","protected":false},"author":24,"featured_media":293790,"comment_status":"closed","ping_status":"closed","sticky":false,"template":"","format":"standard","meta":{"footnotes":""},"categories":[447,597,20724,476,448,583],"tags":[8799,6553,21947],"class_list":["post-293784","post","type-post","status-publish","format-standard","has-post-thumbnail","","category-local-politica","category-cinta-de-noticias","category-minuto-a-minuto","category-locales","category-noticias","category-slide","tag-onu","tag-siria","tag-unaisi-lutu-vuniwaqa"],"_links":{"self":[{"href":"https:\/\/archive.sana.sy\/es\/index.php?rest_route=\/wp\/v2\/posts\/293784"}],"collection":[{"href":"https:\/\/archive.sana.sy\/es\/index.php?rest_route=\/wp\/v2\/posts"}],"about":[{"href":"https:\/\/archive.sana.sy\/es\/index.php?rest_route=\/wp\/v2\/types\/post"}],"author":[{"embeddable":true,"href":"https:\/\/archive.sana.sy\/es\/index.php?rest_route=\/wp\/v2\/users\/24"}],"replies":[{"embeddable":true,"href":"https:\/\/archive.sana.sy\/es\/index.php?rest_route=%2Fwp%2Fv2%2Fcomments&post=293784"}],"version-history":[{"count":4,"href":"https:\/\/archive.sana.sy\/es\/index.php?rest_route=\/wp\/v2\/posts\/293784\/revisions"}],"predecessor-version":[{"id":293795,"href":"https:\/\/archive.sana.sy\/es\/index.php?rest_route=\/wp\/v2\/posts\/293784\/revisions\/293795"}],"wp:featuredmedia":[{"embeddable":true,"href":"https:\/\/archive.sana.sy\/es\/index.php?rest_route=\/wp\/v2\/media\/293790"}],"wp:attachment":[{"href":"https:\/\/archive.sana.sy\/es\/index.php?rest_route=%2Fwp%2Fv2%2Fmedia&parent=293784"}],"wp:term":[{"taxonomy":"category","embeddable":true,"href":"https:\/\/archive.sana.sy\/es\/index.php?rest_route=%2Fwp%2Fv2%2Fcategories&post=293784"},{"taxonomy":"post_tag","embeddable":true,"href":"https:\/\/archive.sana.sy\/es\/index.php?rest_route=%2Fwp%2Fv2%2Ftags&post=293784"}],"curies":[{"name":"wp","href":"https:\/\/api.w.org\/{rel}","templated":true}]}}