{"id":293804,"date":"2023-04-11T17:26:10","date_gmt":"2023-04-11T14:26:10","guid":{"rendered":"http:\/\/sana.sy\/es\/?p=293804"},"modified":"2023-04-11T19:34:45","modified_gmt":"2023-04-11T16:34:45","slug":"moscu-califica-una-ong-aleman-como-entidad-no-deseada-por-su-actividad-antirrusa","status":"publish","type":"post","link":"https:\/\/archive.sana.sy\/es\/?p=293804","title":{"rendered":"Mosc\u00fa califica una ONG alemana como entidad no deseada por su actividad antirrusa"},"content":{"rendered":"<p style=\"text-align: justify\"><span style=\"color: #800000\"><strong>Mosc\u00fa, 11 abr (SANA)<\/strong><\/span> El fiscal general ruso declar\u00f3 la organizaci\u00f3n no gubernamental alemana \u201cForo de la Sociedad Civil de la Uni\u00f3n Europea y Rusia\u201d como indeseable en el territorio ruso.<\/p>\n<p style=\"text-align: justify\">Basados en los resultados de la inspecci\u00f3n, la Fiscal\u00eda General de Rusia decidi\u00f3 clasificar las actividades de la organizaci\u00f3n no gubernamental alemana \u201cForo de la Sociedad Civil entre Rusia y la Uni\u00f3n Europea\u201d como indeseables en el territorio de Rusia.<\/p>\n<p style=\"text-align: justify\">Explic\u00f3 que la labor de esta entidad amenaza los cimientos del orden constitucional y la integridad territorial y la seguridad de Rusia.<\/p>\n<p style=\"text-align: justify\">Agreg\u00f3 que la misma est\u00e1 trabajando a establecer v\u00ednculos entre las instituciones de la Uni\u00f3n Europea y las organizaciones no gubernamentales rusas, recopilar datos sobre la situaci\u00f3n interna en Rusia y establecer contactos con los &#8220;inmigrantes pol\u00edticos&#8221; rusos para utilizarlos en acciones destinadas a perjudicar los intereses del Estado ruso.<\/p>\n<p style=\"text-align: justify\">la<\/p>\n","protected":false},"excerpt":{"rendered":"<p>Mosc\u00fa, 11 abr (SANA) El fiscal general ruso declar\u00f3 la organizaci\u00f3n no gubernamental alemana \u201cForo de la Sociedad Civil de la Uni\u00f3n Europea y Rusia\u201d como indeseable en el territorio ruso. Basados en los resultados de la inspecci\u00f3n, la Fiscal\u00eda General de Rusia decidi\u00f3 clasificar las actividades de la organizaci\u00f3n no gubernamental alemana \u201cForo de &hellip;<\/p>\n","protected":false},"author":24,"featured_media":293805,"comment_status":"closed","ping_status":"closed","sticky":false,"template":"","format":"standard","meta":{"footnotes":""},"categories":[597,456,16687,20724,7541],"tags":[21955,21954,6695],"class_list":["post-293804","post","type-post","status-publish","format-standard","has-post-thumbnail","","category-cinta-de-noticias","category-arabe-internacional-politica","category-internacionales","category-minuto-a-minuto","category-ultimas-noticias","tag-actividad-antirrusa","tag-organizacion-aleman-no-deseada","tag-rusia"],"_links":{"self":[{"href":"https:\/\/archive.sana.sy\/es\/index.php?rest_route=\/wp\/v2\/posts\/293804"}],"collection":[{"href":"https:\/\/archive.sana.sy\/es\/index.php?rest_route=\/wp\/v2\/posts"}],"about":[{"href":"https:\/\/archive.sana.sy\/es\/index.php?rest_route=\/wp\/v2\/types\/post"}],"author":[{"embeddable":true,"href":"https:\/\/archive.sana.sy\/es\/index.php?rest_route=\/wp\/v2\/users\/24"}],"replies":[{"embeddable":true,"href":"https:\/\/archive.sana.sy\/es\/index.php?rest_route=%2Fwp%2Fv2%2Fcomments&post=293804"}],"version-history":[{"count":2,"href":"https:\/\/archive.sana.sy\/es\/index.php?rest_route=\/wp\/v2\/posts\/293804\/revisions"}],"predecessor-version":[{"id":293807,"href":"https:\/\/archive.sana.sy\/es\/index.php?rest_route=\/wp\/v2\/posts\/293804\/revisions\/293807"}],"wp:featuredmedia":[{"embeddable":true,"href":"https:\/\/archive.sana.sy\/es\/index.php?rest_route=\/wp\/v2\/media\/293805"}],"wp:attachment":[{"href":"https:\/\/archive.sana.sy\/es\/index.php?rest_route=%2Fwp%2Fv2%2Fmedia&parent=293804"}],"wp:term":[{"taxonomy":"category","embeddable":true,"href":"https:\/\/archive.sana.sy\/es\/index.php?rest_route=%2Fwp%2Fv2%2Fcategories&post=293804"},{"taxonomy":"post_tag","embeddable":true,"href":"https:\/\/archive.sana.sy\/es\/index.php?rest_route=%2Fwp%2Fv2%2Ftags&post=293804"}],"curies":[{"name":"wp","href":"https:\/\/api.w.org\/{rel}","templated":true}]}}